{"id":1024,"date":"2023-08-29T15:22:27","date_gmt":"2023-08-29T13:22:27","guid":{"rendered":"https:\/\/pasaenmendoza.com\/?p=1024"},"modified":"2023-08-29T15:22:28","modified_gmt":"2023-08-29T13:22:28","slug":"martes-soleado-con-temperatura-agradable-en-mendoza","status":"publish","type":"post","link":"https:\/\/pasaenmendoza.com\/?p=1024","title":{"rendered":"Martes soleado con temperatura agradable en Mendoza"},"content":{"rendered":"\n<p>Este martes ser\u00e1 una jorada agradable. Seg\u00fan el Servicio Meteorol\u00f3gico Nacional, el pron\u00f3stico para el\u00a0<strong>Gran<\/strong>\u00a0<strong>Mendoza, prev\u00e9 cielo despejado a\u00a0 parcialmente nublado y l<\/strong>a m\u00e1xima esperada para esta jornada es de 21\u00b0.<\/p>\n\n\n\n<p>El viento contin\u00faa soplando suavemente del Norte y mantiene el aire c\u00e1lido, incluso hasta ma\u00f1ana mi\u00e9rcoles que el pron\u00f3stico indica m\u00e1xima de 23\u00b0.\u00a0<\/p>\n\n\n\n<p>Para el jueves\u00a0<strong>habr\u00e1 un descenso marcado y la m\u00e1xima llegar\u00e1 a los 15\u00b0<\/strong>.<\/p>\n\n\n\n<p>Para el fin de semana, se prev\u00e9 leve descenso de temperatura y cielo nublado.\u00a0<\/p>\n\n\n\n<p><strong>Fuente: www.mendozapost.com<\/strong><\/p>\n","protected":false},"excerpt":{"rendered":"<p>Este martes ser\u00e1 una jorada agradable. Seg\u00fan el Servicio Meteorol\u00f3gico Nacional, el pron\u00f3stico para el\u00a0Gran\u00a0Mendoza, prev\u00e9 cielo despejado a\u00a0 parcialmente nublado y la m\u00e1xima esperada para esta jornada es de 21\u00b0. El viento contin\u00faa soplando suavemente del Norte y mantiene el aire c\u00e1lido, incluso hasta ma\u00f1ana mi\u00e9rcoles que el pron\u00f3stico indica m\u00e1xima de 23\u00b0.\u00a0 Para [&hellip;]<\/p>\n","protected":false},"author":2,"featured_media":1025,"comment_status":"open","ping_status":"open","sticky":false,"template":"","format":"standard","meta":[],"categories":[52],"tags":[],"_links":{"self":[{"href":"https:\/\/pasaenmendoza.com\/index.php?rest_route=\/wp\/v2\/posts\/1024"}],"collection":[{"href":"https:\/\/pasaenmendoza.com\/index.php?rest_route=\/wp\/v2\/posts"}],"about":[{"href":"https:\/\/pasaenmendoza.com\/index.php?rest_route=\/wp\/v2\/types\/post"}],"author":[{"embeddable":true,"href":"https:\/\/pasaenmendoza.com\/index.php?rest_route=\/wp\/v2\/users\/2"}],"replies":[{"embeddable":true,"href":"https:\/\/pasaenmendoza.com\/index.php?rest_route=%2Fwp%2Fv2%2Fcomments&post=1024"}],"version-history":[{"count":1,"href":"https:\/\/pasaenmendoza.com\/index.php?rest_route=\/wp\/v2\/posts\/1024\/revisions"}],"predecessor-version":[{"id":1026,"href":"https:\/\/pasaenmendoza.com\/index.php?rest_route=\/wp\/v2\/posts\/1024\/revisions\/1026"}],"wp:featuredmedia":[{"embeddable":true,"href":"https:\/\/pasaenmendoza.com\/index.php?rest_route=\/wp\/v2\/media\/1025"}],"wp:attachment":[{"href":"https:\/\/pasaenmendoza.com\/index.php?rest_route=%2Fwp%2Fv2%2Fmedia&parent=1024"}],"wp:term":[{"taxonomy":"category","embeddable":true,"href":"https:\/\/pasaenmendoza.com\/index.php?rest_route=%2Fwp%2Fv2%2Fcategories&post=1024"},{"taxonomy":"post_tag","embeddable":true,"href":"https:\/\/pasaenmendoza.com\/index.php?rest_route=%2Fwp%2Fv2%2Ftags&post=1024"}],"curies":[{"name":"wp","href":"https:\/\/api.w.org\/{rel}","templated":true}]}}