{"id":10242,"date":"2024-11-23T00:05:53","date_gmt":"2024-11-22T23:05:53","guid":{"rendered":"https:\/\/pasaenmendoza.com\/?p=10242"},"modified":"2024-11-23T00:05:54","modified_gmt":"2024-11-22T23:05:54","slug":"ulpiano-suarez-firmo-un-convenio-con-el-gobierno-de-milei-para-avanzar-con-la-estacion-mendoza","status":"publish","type":"post","link":"https:\/\/pasaenmendoza.com\/?p=10242","title":{"rendered":"Ulpiano Suarez firm\u00f3 un convenio con el gobierno de Milei para avanzar con la Estaci\u00f3n Mendoza"},"content":{"rendered":"\n<p>La Ciudad dio un paso m\u00e1s en la concreci\u00f3n del\u00a0<strong>Distrito Sustentable Estaci\u00f3n Mendoza<\/strong>. El intendente\u00a0<strong>Ulpiano Suarez<\/strong>, junto con Nicol\u00e1s Pakgojz, presidente de la Agencia de Administraci\u00f3n de Bienes del Estado (<strong>\u00a0AABE)<\/strong>, firmaron este viernes un<strong>\u00a0acuerdo<\/strong>\u00a0que genera las condiciones para la<strong>\u00a0subasta del terreno de seis hect\u00e1reas.<\/strong><\/p>\n\n\n\n<p>All\u00ed est\u00e1 proyectada la construcci\u00f3n de este espacio que consolidar\u00e1 una nueva centralidad en la capital mendocina. Este convenio pondr\u00e1 en contexto la subasta de&nbsp;<strong>cuatro manzanas completas y una fracci\u00f3n adyacente<\/strong>, que est\u00e1n delimitadas por la&nbsp;<strong>calle Per\u00fa, las v\u00edas del Metrotranv\u00eda, las arterias Las Heras y Suipacha<\/strong>.<\/p>\n\n\n\n<p>En este sentido,\u00a0<strong>Suarez\u00a0<\/strong>afirm\u00f3: &#8220;Este convenio permitir\u00e1 dar un paso fundamental en el desarrollo de Estaci\u00f3n Mendoza, el proyecto estrat\u00e9gico m\u00e1s importante para el presente y el futuro de la Ciudad. Diversas gestiones municipales en las \u00faltimas d\u00e9cadas, venimos trabajado para la\u00a0<strong>transformaci\u00f3n integral de este predio de la capital mendocina<\/strong>, y hoy puedo decir que hemos avanzado m\u00e1s en 10 meses con este gobierno nacional, que en 4 a\u00f1os con el gobierno de Alberto Fern\u00e1ndez, por lo que destaco la decisi\u00f3n pol\u00edtica de acompa\u00f1ar este proyecto tan importante para los mendocinos\u201d.<\/p>\n\n\n\n<p>Y es que, la&nbsp;<strong>firma del convenio urban\u00edstico<\/strong>&nbsp;era la instancia necesaria para&nbsp;<strong>avanzar con la transformaci\u00f3n del mayor vac\u00edo urbano<\/strong>, el bald\u00edo m\u00e1s grande que posee la&nbsp;<strong>Ciudad de Mendoza<\/strong>, propiedad del Estado nacional y adem\u00e1s localizado en una zona estrat\u00e9gica para la comuna.<\/p>\n\n\n\n<h2 class=\"wp-block-heading\">Ulpiano Suarez destac\u00f3 el impulso para la Ciudad de Mendoza con este proyecto<\/h2>\n\n\n\n<p>&#8220;Con este convenio empezamos a escribir una nueva historia: pasamos del abandono a la agenda de la inversi\u00f3n privada, del desarrollo, de la generaci\u00f3n de empleo y de la transformaci\u00f3n de la Ciudad\u201d, continu\u00f3 en su discurso el jefe comunal.<\/p>\n\n\n\n<p>Para finalizar, el mandatario capitalino agreg\u00f3: &#8220;Quiero agradecer a todo el equipo de la Agencia con quienes a partir de una nota que present\u00e9 el 4 de enero de 2024, hemos trabajado en forma sostenida para tener resultados concretos y avanzar en la subasta para el desarrollo de este proyecto urban\u00edstico\u201d.<\/p>\n\n\n\n<p>El acto se realiz\u00f3 en la&nbsp;<strong>Nave Cultural<\/strong>&nbsp;con la presencia del gobernador&nbsp;<strong>Alfredo Cornejo<\/strong>; la vicegobernadora,&nbsp;<strong>Hebe Casado<\/strong>; el senador nacional y ex gobernador,&nbsp;<strong>Rodolfo Suarez<\/strong>; el vicegobernador de San Juan,&nbsp;<strong>Fabi\u00e1n Mart\u00edn<\/strong>; el presidente Provisional del Senado,&nbsp;<strong>Mart\u00edn Kerchner<\/strong>; el presidente de la Honorable C\u00e1mara de Diputados,&nbsp;<strong>Andr\u00e9s Lombardi<\/strong>; la senadora nacional,&nbsp;<strong>Mariana Juri<\/strong>, y el secretario de Ambiente y Desarrollo Urbano de la Ciudad,&nbsp;<strong>Sebasti\u00e1n Fermani<\/strong>. Tambi\u00e9n participaron funcionarios nacionales y municipales, equipos t\u00e9cnicos de la agencia y municipales, e inversores privados de la provincia.<\/p>\n\n\n\n<p>Cornejo resalt\u00f3: &#8220;Estos terrenos tienen mucha historia. La Provincia y el municipio han invertido mucho en la erradicaci\u00f3n de villas. Esto ser\u00e1 una\u00a0<strong>intervenci\u00f3n urbana con aporte privado<\/strong>\u00a0porque el clima del pa\u00eds alienta para que estas cosas ocurran y ese es el detalle alentador, adem\u00e1s de que el Estado nacional facilite las cosas. Como dijo Ulpiano, ser\u00e1 una intervenci\u00f3n urban\u00edstica de lo m\u00e1s importante para la Ciudad, en metros cuadrados y en inversi\u00f3n, sobre todo privada\u201d.<\/p>\n\n\n\n<p>Finalmente,&nbsp;<strong>Nicol\u00e1s Pakgojz<\/strong>&nbsp;coment\u00f3 que &#8220;gracias a todo el sector privado que est\u00e1 presente hoy para interiorizarse del proyecto, que tiene ganas de invertir y es el que va a sacar el pa\u00eds adelante, acompa\u00f1ando al Presidente que tanto esfuerzo y tanta lucha est\u00e1 dando todos los d\u00edas.&nbsp;<strong>Es el primer convenio urban\u00edstico que estamos firmando en el pa\u00eds<\/strong>&nbsp;as\u00ed que esperamos que sea el primero de muchos. Creemos que las herramientas de trabajar en equipo entre la provincia, el municipio y el gobierno nacional, enriquece\u201d.<\/p>\n\n\n\n<p>El&nbsp;<strong>objetivo&nbsp;<\/strong>es impulsar el desarrollo del proyecto&nbsp;<strong>Distrito Sustentable Estaci\u00f3n Mendoza<\/strong>, que incluye la&nbsp;<strong>creaci\u00f3n de nuevos espacios p\u00fablicos de calidad y un nuevo pulm\u00f3n verde<\/strong>, que incentivar\u00e1 tanto al sector&nbsp;<strong>inmobiliario&nbsp;<\/strong>como el&nbsp;<strong>comercial<\/strong>.<\/p>\n\n\n\n<p>Este convenio pone en marcha la primera de las dos etapas ejecutables que presenta el proyecto, con la subasta de estas seis hect\u00e1reas que suponen unos\u00a0<strong>227.000 m2<\/strong>. Luego llegar\u00e1 la segunda etapa, con otras 17 hect\u00e1reas de terrenos.<\/p>\n\n\n\n<h2 class=\"wp-block-heading\"><strong>El camino hacia la subasta<\/strong><\/h2>\n\n\n\n<p>A principios de este a\u00f1o, funcionarios de la AABE encabezados por Nicol\u00e1s Pakgojz visitaron la Ciudad y se reunieron con Ulpiano Suarez y el equipo de la Secretar\u00eda de Ambiente y Desarrollo Urbano.<\/p>\n\n\n\n<p>All\u00ed se brindaron todos los detalles del proyecto&nbsp;<strong>Distrito Sustentable Estaci\u00f3n Mendoza<\/strong>. Posteriormente, se recorrieron los terrenos que se subastar\u00e1n en esta primera etapa, donde se pudo apreciar sus caracter\u00edsticas y funcionalidades.<\/p>\n\n\n\n<p>Unos meses despu\u00e9s, la comitiva de la AABE y el intendente de la Ciudad mantuvieron un nuevo encuentro, pero esta vez acompa\u00f1ados por desarrolladores privados e inversionistas, quienes conocieron las condiciones de la subasta que llevar\u00e1 adelante el Estado nacional, en una virtuosa e innovadora articulaci\u00f3n p\u00fablico-privada.<\/p>\n\n\n\n<p><strong>Fuente: www.diariouno.com.ar<\/strong><\/p>\n","protected":false},"excerpt":{"rendered":"<p>La Ciudad dio un paso m\u00e1s en la concreci\u00f3n del\u00a0Distrito Sustentable Estaci\u00f3n Mendoza. El intendente\u00a0Ulpiano Suarez, junto con Nicol\u00e1s Pakgojz, presidente de la Agencia de Administraci\u00f3n de Bienes del Estado (\u00a0AABE), firmaron este viernes un\u00a0acuerdo\u00a0que genera las condiciones para la\u00a0subasta del terreno de seis hect\u00e1reas. All\u00ed est\u00e1 proyectada la construcci\u00f3n de este espacio que consolidar\u00e1 [&hellip;]<\/p>\n","protected":false},"author":2,"featured_media":10243,"comment_status":"open","ping_status":"open","sticky":false,"template":"","format":"standard","meta":[],"categories":[47],"tags":[],"_links":{"self":[{"href":"https:\/\/pasaenmendoza.com\/index.php?rest_route=\/wp\/v2\/posts\/10242"}],"collection":[{"href":"https:\/\/pasaenmendoza.com\/index.php?rest_route=\/wp\/v2\/posts"}],"about":[{"href":"https:\/\/pasaenmendoza.com\/index.php?rest_route=\/wp\/v2\/types\/post"}],"author":[{"embeddable":true,"href":"https:\/\/pasaenmendoza.com\/index.php?rest_route=\/wp\/v2\/users\/2"}],"replies":[{"embeddable":true,"href":"https:\/\/pasaenmendoza.com\/index.php?rest_route=%2Fwp%2Fv2%2Fcomments&post=10242"}],"version-history":[{"count":1,"href":"https:\/\/pasaenmendoza.com\/index.php?rest_route=\/wp\/v2\/posts\/10242\/revisions"}],"predecessor-version":[{"id":10244,"href":"https:\/\/pasaenmendoza.com\/index.php?rest_route=\/wp\/v2\/posts\/10242\/revisions\/10244"}],"wp:featuredmedia":[{"embeddable":true,"href":"https:\/\/pasaenmendoza.com\/index.php?rest_route=\/wp\/v2\/media\/10243"}],"wp:attachment":[{"href":"https:\/\/pasaenmendoza.com\/index.php?rest_route=%2Fwp%2Fv2%2Fmedia&parent=10242"}],"wp:term":[{"taxonomy":"category","embeddable":true,"href":"https:\/\/pasaenmendoza.com\/index.php?rest_route=%2Fwp%2Fv2%2Fcategories&post=10242"},{"taxonomy":"post_tag","embeddable":true,"href":"https:\/\/pasaenmendoza.com\/index.php?rest_route=%2Fwp%2Fv2%2Ftags&post=10242"}],"curies":[{"name":"wp","href":"https:\/\/api.w.org\/{rel}","templated":true}]}}