{"id":10246,"date":"2024-11-23T00:15:21","date_gmt":"2024-11-22T23:15:21","guid":{"rendered":"https:\/\/pasaenmendoza.com\/?p=10246"},"modified":"2024-11-23T00:15:22","modified_gmt":"2024-11-22T23:15:22","slug":"tras-la-tormenta-san-martin-y-junin-evaluan-la-lucha-antigranizo-con-canones-y-cohetes","status":"publish","type":"post","link":"https:\/\/pasaenmendoza.com\/?p=10246","title":{"rendered":"Tras la tormenta, San Mart\u00edn y Jun\u00edn eval\u00faan la lucha antigranizo con ca\u00f1ones y cohetes"},"content":{"rendered":"\n<p>Otra tormenta volvi\u00f3 a castigar a la producci\u00f3n, esta vez en el Valle de Uco y el<strong>\u00a0Este provincial<\/strong>. Tras el fen\u00f3meno, funcionarios municipales arriesgaron<strong>\u00a0la necesidad de volver a la\u00a0lucha antigranizo\u00a0activa<\/strong>, a\u00fan con otro m\u00e9todo,<strong>\u00a0como el caso de San Mart\u00edn y Jun\u00edn<\/strong>.<\/p>\n\n\n\n<p>El granizo azot\u00f3 en la tarde del mi\u00e9rcoles en ambos sectores. Y\u00a0<strong>una vasta \u00e1rea productiva del Este, con piedras del tama\u00f1o de una pelota de golf<\/strong>\u00a0para algunos &#8220;evitable con lucha activa, pero letal en estas condiciones&#8221;.<\/p>\n\n\n\n<p>&#8220;Desde que dejaron de volar los aviones de la lucha antigranizo acompa\u00f1amos a los productores para que puedan acceder al seguro agr\u00edcola, una de las herramientas&#8221;, dijo este jueves\u00a0<strong>Julio Acevedo<\/strong>, director de Desarrollo Econ\u00f3mico de San Mart\u00edn, antes de referirse a la viabilidad de retomar la lucha en la zona.<\/p>\n\n\n\n<p>Para Acevedo &#8220;desde el minuto cero vimos que&nbsp;<strong>no era viable ni econ\u00f3mica ni t\u00e9cnicamente para un municipio, porque los fondos necesarios exceden la caja<\/strong>&nbsp;municipal. Deber\u00eda hacerlo la Provincia, si es que lo hace porque desisti\u00f3 por verlo ineficiente y controversial&#8221;.<\/p>\n\n\n\n<p>Respecto a los municipios que acaban de asumir la gesti\u00f3n de la lucha antigranizo, el funcionario de San Mart\u00edn tom\u00f3 distancia de General Alvear y San Rafael. Y habl\u00f3 de que San Mart\u00edn tiene &#8220;otro perfil&#8221;.<\/p>\n\n\n\n<p>&#8220;No hemos tenido cercan\u00eda con esa actividad, deber\u00edamos evaluarlo y buscar recursos de otro lugar. Y la Provincia, que le dio de baja, tendr\u00eda que participar&#8221;, consider\u00f3 el director de Desarrollo Econ\u00f3mico.<\/p>\n\n\n\n<h2 class=\"wp-block-heading\">Entre ca\u00f1ones y malla antigranizo<\/h2>\n\n\n\n<p>En alg\u00fan momento de la historia de Mendoza en sus intentos por mitigar el fen\u00f3meno meteorol\u00f3gico que azota a la producci\u00f3n, en el Este funcionaron ca\u00f1ones que &#8220;bombardeaban&#8221; desde la tierra a las nubes en formaci\u00f3n.<\/p>\n\n\n\n<p>&#8220;Justamente&nbsp;<strong>hemos estado analizando el alcance en altura de los ca\u00f1ones y esperamos que nos manden los costos de su contrataci\u00f3n<\/strong>. Aunque no s\u00e9 si permite atacar la g\u00e9nesis de la tormenta granicera con este tipo de sistema&#8221;, a\u00f1adi\u00f3 Acevedo.<\/p>\n\n\n\n<p>De hecho,&nbsp;<strong>el funcionario de San Mart\u00edn y su par de Jun\u00edn, Gustavo Gil,&nbsp;<\/strong>se reunieron para discutir esa opci\u00f3n este jueves. Una t\u00e9cnica que, aunque no es lo mismo, algunos emparentan con&nbsp;<strong>los generadores de ioduro de plata&nbsp;<\/strong>que a\u00fan funcionan en el Valle de Uco, donde la cercan\u00eda del cord\u00f3n monta\u00f1oso limitaba el accionar de los aviones.<\/p>\n\n\n\n<p>En el an\u00e1lisis t\u00e9cnico surgen cuestiones a dilucidar, como\u00a0<strong>su eficacia frente a n\u00facleos de tormenta que se forman a 6.000 metros de altitud.<\/strong><\/p>\n\n\n\n<p>Por ahora se trata de una iniciativa privada que funciona en algunas fincas de San Mart\u00edn e incluso en algunos distritos de Maip\u00fa. Pero adem\u00e1s, desde&nbsp;<strong>las comunas del Este tampoco descartaron el uso de cohetes<\/strong>.<\/p>\n\n\n\n<p>En los &#8217;80 fue el m\u00e9todo operado por la firma rusa Antigrad con bases tierra-aire, antes de que la gesti\u00f3n provincial optara por la siembra de nubes con ioduro de plata desde aviones.<\/p>\n\n\n\n<p>Sin embargo, para el funcionario sanmartiniano &#8220;<strong>lo ideal ser\u00eda la malla antigranizo<\/strong>. Pero es algo caro y est\u00e1 fuera del alcance del productor chico&#8221;.<\/p>\n\n\n\n<p>Sobre la posibilidad de favorecer la atracci\u00f3n de capitales y financiamiento internacional para fabricar en Mendoza el insumo, se mostr\u00f3 esperanzado en que &#8220;esta vez&nbsp;<strong>se den condiciones de estabilidad para que el negocio cierre<\/strong>, que haya ganancias y se retome el cr\u00e9dito aprovechando la baja del riesgo pa\u00eds&#8221;.<\/p>\n\n\n\n<h2 class=\"wp-block-heading\">Mansur habl\u00f3 de los aviones<\/h2>\n\n\n\n<p>Por su parte, el intendente de Rivadavia,\u00a0<strong>Ricardo Mansur<\/strong>, record\u00f3 que ante la decisi\u00f3n del Gobierno provincial de\u00a0discontinuar la lucha antigranizo con aviones se hab\u00eda armado un frente com\u00fan con sus pares de San Mart\u00edn y Jun\u00edn.<\/p>\n\n\n\n<p>&#8220;Expusimos&nbsp;<strong>nuestro desacuerdo con discontinuar en forma inconsulta y unilateral un servicio tan importante&nbsp;<\/strong>para nosotros, y sin darle tiempo a los productores de buscar alguna otra alternativa&#8221;, remarc\u00f3 Mansur.<\/p>\n\n\n\n<p>El jefe comunal admiti\u00f3 sentirse&nbsp;<strong>&#8220;confundido&#8221;<\/strong>&nbsp;porque desde el gobierno de Cornejo &#8220;<strong>dijeron que no serv\u00eda<\/strong>, que era una cruz de sal y ahora&nbsp;<strong>ponen plata a los municipios del Sur<\/strong>&#8220;.<\/p>\n\n\n\n<p>&#8220;La hab\u00eda legalizado a trav\u00e9s de la creaci\u00f3n de Aemsa (la empresa provincial que administraba el sistema) y este mismo Gobierno la elimina. Pero el mismo Gobierno la promociona y subsidia en el Sur de la provincia&#8221;, dijo.<\/p>\n\n\n\n<p>El rivadaviense, asimismo, cit\u00f3 estudios de la ex Aemsa sobre la eficacia del sistema. Y puso en valor la necesidad de preservar la producci\u00f3n de la zona Este como polo productivo vitivin\u00edcola, con el 60% del \u00e1rea provincial de vid.<\/p>\n\n\n\n<p>Al mismo tiempo, resalt\u00f3 la seguridad que aporta la malla antigranizo. Pero coincidi\u00f3 con Acevedo en la necesidad de contar con una f\u00e1brica local, capaz de atender un eventual salto de la demanda con suficiente stock disponible.<\/p>\n\n\n\n<p><strong>Fuente: www.diariouno.com.ar<\/strong><\/p>\n","protected":false},"excerpt":{"rendered":"<p>Otra tormenta volvi\u00f3 a castigar a la producci\u00f3n, esta vez en el Valle de Uco y el\u00a0Este provincial. Tras el fen\u00f3meno, funcionarios municipales arriesgaron\u00a0la necesidad de volver a la\u00a0lucha antigranizo\u00a0activa, a\u00fan con otro m\u00e9todo,\u00a0como el caso de San Mart\u00edn y Jun\u00edn. El granizo azot\u00f3 en la tarde del mi\u00e9rcoles en ambos sectores. Y\u00a0una vasta \u00e1rea [&hellip;]<\/p>\n","protected":false},"author":2,"featured_media":10247,"comment_status":"open","ping_status":"open","sticky":false,"template":"","format":"standard","meta":[],"categories":[50],"tags":[],"_links":{"self":[{"href":"https:\/\/pasaenmendoza.com\/index.php?rest_route=\/wp\/v2\/posts\/10246"}],"collection":[{"href":"https:\/\/pasaenmendoza.com\/index.php?rest_route=\/wp\/v2\/posts"}],"about":[{"href":"https:\/\/pasaenmendoza.com\/index.php?rest_route=\/wp\/v2\/types\/post"}],"author":[{"embeddable":true,"href":"https:\/\/pasaenmendoza.com\/index.php?rest_route=\/wp\/v2\/users\/2"}],"replies":[{"embeddable":true,"href":"https:\/\/pasaenmendoza.com\/index.php?rest_route=%2Fwp%2Fv2%2Fcomments&post=10246"}],"version-history":[{"count":1,"href":"https:\/\/pasaenmendoza.com\/index.php?rest_route=\/wp\/v2\/posts\/10246\/revisions"}],"predecessor-version":[{"id":10248,"href":"https:\/\/pasaenmendoza.com\/index.php?rest_route=\/wp\/v2\/posts\/10246\/revisions\/10248"}],"wp:featuredmedia":[{"embeddable":true,"href":"https:\/\/pasaenmendoza.com\/index.php?rest_route=\/wp\/v2\/media\/10247"}],"wp:attachment":[{"href":"https:\/\/pasaenmendoza.com\/index.php?rest_route=%2Fwp%2Fv2%2Fmedia&parent=10246"}],"wp:term":[{"taxonomy":"category","embeddable":true,"href":"https:\/\/pasaenmendoza.com\/index.php?rest_route=%2Fwp%2Fv2%2Fcategories&post=10246"},{"taxonomy":"post_tag","embeddable":true,"href":"https:\/\/pasaenmendoza.com\/index.php?rest_route=%2Fwp%2Fv2%2Ftags&post=10246"}],"curies":[{"name":"wp","href":"https:\/\/api.w.org\/{rel}","templated":true}]}}