{"id":10249,"date":"2024-11-23T00:47:22","date_gmt":"2024-11-22T23:47:22","guid":{"rendered":"https:\/\/pasaenmendoza.com\/?p=10249"},"modified":"2024-11-23T00:47:23","modified_gmt":"2024-11-22T23:47:23","slug":"feriados-el-gobierno-de-milei-confirmo-los-dias-no-laborables-del-2025-y-los-fines-de-semana-largos","status":"publish","type":"post","link":"https:\/\/pasaenmendoza.com\/?p=10249","title":{"rendered":"Feriados: El Gobierno de Milei confirm\u00f3 los d\u00edas no laborables del 2025 y los fines de semana largos"},"content":{"rendered":"\n<p>El gobierno de\u00a0<strong>Javier Milei\u00a0<\/strong>confirm\u00f3 cu\u00e1les ser\u00e1n los\u00a0<strong>feriados\u00a0y d\u00edas no laborables\u00a0<\/strong>con fines tur\u00edsticos que existir\u00e1n en el 2025. En ese sentido, a trav\u00e9s del Bolet\u00edn Oficial, se se\u00f1alaron que ser\u00e1n tres estos \u00faltimos durante todo el a\u00f1o que viene.<\/p>\n\n\n\n<p>Si bien, a estos hay que sumar el resto del calendario total de\u00a0<strong>feriados<\/strong>, la decisi\u00f3n del gobierno de<strong>\u00a0Javier Milei\u00a0<\/strong>sirve para todos aquellos que planean aprovechar alg\u00fan fin de semana largo para irse de viaje.<\/p>\n\n\n\n<h2 class=\"wp-block-heading\">Cu\u00e1ndo son los feriados tur\u00edsticos del 2025<\/h2>\n\n\n\n<p>El decreto publicado en el Bolet\u00edn Oficial establece que habr\u00e1 tres d\u00edas no laborables con fines tur\u00edsticos que tendr\u00e1n el mismo valor que un&nbsp;<strong>feriado<\/strong>. La idea es que en esas fechas se fortalezca la actividad tur\u00edstica en todo el territorio argentino.<\/p>\n\n\n\n<p>La idea es que, de esta manera, en determinadas fechas crezca el turismo interno y las econom\u00edas regionales en momentos de estacionalidad tur\u00edstica, se aclara en el decreto que establece los&nbsp;<strong>feriados<\/strong>.<\/p>\n\n\n\n<p>La decisi\u00f3n que sean tres&nbsp;<strong>d\u00edas no laborables con fines tur\u00edsticos<\/strong>&nbsp;no es casual, ya que la Ley 27.399 establece que se pueden fijar como m\u00e1ximo una cantidad de tres fechas, lo que ha sido aprovechado por el gobierno de<strong>&nbsp;Javier Milei&nbsp;<\/strong>para designar las siguientes fechas:<\/p>\n\n\n\n<ul>\n<li>Viernes 2 de mayo, que se suma al D\u00eda del Trabajador, que es el 1.<\/li>\n\n\n\n<li>Viernes 15 de agosto, en la v\u00edspera del 17 del mismo mes, paso a la inmortalidad del General Jos\u00e9 de San Mart\u00edn.<\/li>\n\n\n\n<li>Viernes 21 de noviembre, cerca del D\u00eda de la Soberan\u00eda Nacional, fijada el 20.<\/li>\n<\/ul>\n\n\n\n<p>No obstante, hay que tener en cuenta que estos\u00a0<strong>feriados y d\u00edas no laborables\u00a0<\/strong>no provocar\u00e1n que sean solamente tres los fines de semana largos, ya que tambi\u00e9n est\u00e1n los correspondientes a Semana Santa, Carnaval, el D\u00eda de la Memoria y el D\u00eda de la Virgen.<\/p>\n\n\n\n<h2 class=\"wp-block-heading\">Los feriados del 2025<\/h2>\n\n\n\n<p>M\u00e1s all\u00e1 de estos feriados con fines tur\u00edsticos, hay que tener en cuenta que est\u00e1n el resto de los feriados confirmados para el 2025. Estos son:<\/p>\n\n\n\n<ul>\n<li>Mi\u00e9rcoles 1 de enero: A\u00f1o nuevo<\/li>\n\n\n\n<li>Lunes 3 y martes 4 de marzo: Carnaval<\/li>\n\n\n\n<li>Lunes 24 de marzo: D\u00eda de la Memoria Nacional<\/li>\n\n\n\n<li>Mi\u00e9rcoles 2 de abril: D\u00eda del Veterano y de los Ca\u00eddos en la Guerra de Malvinas)<\/li>\n\n\n\n<li>Jueves 17 y viernes 18 de abril: Semana Santa<\/li>\n\n\n\n<li>Jueves 1 de mayo: D\u00eda Internacional del Trabajador<\/li>\n\n\n\n<li>Domingo 25 de mayo: D\u00eda de la Revoluci\u00f3n de Mayo<\/li>\n\n\n\n<li>Viernes 20 de junio: Paso a la Inmortalidad del General Manuel Belgrano<\/li>\n\n\n\n<li>Mi\u00e9rcoles 9 de julio: D\u00eda de la Independencia<\/li>\n\n\n\n<li>Lunes 18 de agosto: trasladado del domingo 17 que se conmemora el Paso a la Inmortalidad del Gral. Jos\u00e9 de San Mart\u00edn<\/li>\n\n\n\n<li>Domingo 12 de octubre: D\u00eda del Respeto a la Diversidad Cultural<\/li>\n\n\n\n<li>Jueves 20 de noviembre: D\u00eda de la Soberan\u00eda Nacional<\/li>\n\n\n\n<li>Lunes 8 de diciembre: D\u00eda de la Inmaculada Concepci\u00f3n de Mar\u00eda<\/li>\n\n\n\n<li>Jueves 25 de diciembre: Navidad<\/li>\n<\/ul>\n\n\n\n<p><strong>Fuente: www.diariouno.com.ar<\/strong><\/p>\n","protected":false},"excerpt":{"rendered":"<p>El gobierno de\u00a0Javier Milei\u00a0confirm\u00f3 cu\u00e1les ser\u00e1n los\u00a0feriados\u00a0y d\u00edas no laborables\u00a0con fines tur\u00edsticos que existir\u00e1n en el 2025. En ese sentido, a trav\u00e9s del Bolet\u00edn Oficial, se se\u00f1alaron que ser\u00e1n tres estos \u00faltimos durante todo el a\u00f1o que viene. Si bien, a estos hay que sumar el resto del calendario total de\u00a0feriados, la decisi\u00f3n del gobierno [&hellip;]<\/p>\n","protected":false},"author":2,"featured_media":10250,"comment_status":"open","ping_status":"open","sticky":false,"template":"","format":"standard","meta":[],"categories":[50],"tags":[],"_links":{"self":[{"href":"https:\/\/pasaenmendoza.com\/index.php?rest_route=\/wp\/v2\/posts\/10249"}],"collection":[{"href":"https:\/\/pasaenmendoza.com\/index.php?rest_route=\/wp\/v2\/posts"}],"about":[{"href":"https:\/\/pasaenmendoza.com\/index.php?rest_route=\/wp\/v2\/types\/post"}],"author":[{"embeddable":true,"href":"https:\/\/pasaenmendoza.com\/index.php?rest_route=\/wp\/v2\/users\/2"}],"replies":[{"embeddable":true,"href":"https:\/\/pasaenmendoza.com\/index.php?rest_route=%2Fwp%2Fv2%2Fcomments&post=10249"}],"version-history":[{"count":1,"href":"https:\/\/pasaenmendoza.com\/index.php?rest_route=\/wp\/v2\/posts\/10249\/revisions"}],"predecessor-version":[{"id":10251,"href":"https:\/\/pasaenmendoza.com\/index.php?rest_route=\/wp\/v2\/posts\/10249\/revisions\/10251"}],"wp:featuredmedia":[{"embeddable":true,"href":"https:\/\/pasaenmendoza.com\/index.php?rest_route=\/wp\/v2\/media\/10250"}],"wp:attachment":[{"href":"https:\/\/pasaenmendoza.com\/index.php?rest_route=%2Fwp%2Fv2%2Fmedia&parent=10249"}],"wp:term":[{"taxonomy":"category","embeddable":true,"href":"https:\/\/pasaenmendoza.com\/index.php?rest_route=%2Fwp%2Fv2%2Fcategories&post=10249"},{"taxonomy":"post_tag","embeddable":true,"href":"https:\/\/pasaenmendoza.com\/index.php?rest_route=%2Fwp%2Fv2%2Ftags&post=10249"}],"curies":[{"name":"wp","href":"https:\/\/api.w.org\/{rel}","templated":true}]}}