{"id":10255,"date":"2024-11-25T12:58:13","date_gmt":"2024-11-25T11:58:13","guid":{"rendered":"https:\/\/pasaenmendoza.com\/?p=10255"},"modified":"2024-11-25T12:58:14","modified_gmt":"2024-11-25T11:58:14","slug":"parcialmente-nublado-pero-con-ascenso-de-la-temperatura-asi-estara-el-tiempo-en-mendoza","status":"publish","type":"post","link":"https:\/\/pasaenmendoza.com\/?p=10255","title":{"rendered":"Parcialmente nublado, pero con ascenso de la temperatura: as\u00ed estar\u00e1 el tiempo en Mendoza"},"content":{"rendered":"\n<p>La semana arranca con&nbsp;<strong>cielo parcialmente nublado con ascenso de la temperatura,<\/strong>&nbsp;vientos leves del sudeste. Adem\u00e1s, la Direcci\u00f3n de Contingencias Clim\u00e1ticas indica: \u201calgo nublado en cordillera\u201d.&nbsp;<strong>La m\u00ednima ser\u00e1 de 18 grados y la m\u00e1xima podr\u00eda llegar a los 32<\/strong><\/p>\n\n\n\n<p>Para el martes, se prev\u00e9 \u201ccielo parcialmente nublado con poco cambio de la temperatura, inestable hacia la noche\u201d<strong>. La m\u00ednima ser\u00e1 de 18 grados y la m\u00e1xima de 31.<\/strong><\/p>\n\n\n\n<p>Para el resto de la semana se espera buen tiempo, en general. Con m\u00ednimas que rondar\u00e1n los 19 grados y m\u00e1ximas que llegar\u00e1n a los 30.<\/p>\n\n\n\n<p><strong>Fuente: www.elsol.com.ar<\/strong><\/p>\n","protected":false},"excerpt":{"rendered":"<p>La semana arranca con&nbsp;cielo parcialmente nublado con ascenso de la temperatura,&nbsp;vientos leves del sudeste. Adem\u00e1s, la Direcci\u00f3n de Contingencias Clim\u00e1ticas indica: \u201calgo nublado en cordillera\u201d.&nbsp;La m\u00ednima ser\u00e1 de 18 grados y la m\u00e1xima podr\u00eda llegar a los 32 Para el martes, se prev\u00e9 \u201ccielo parcialmente nublado con poco cambio de la temperatura, inestable hacia la [&hellip;]<\/p>\n","protected":false},"author":2,"featured_media":10256,"comment_status":"open","ping_status":"open","sticky":false,"template":"","format":"standard","meta":[],"categories":[52],"tags":[],"_links":{"self":[{"href":"https:\/\/pasaenmendoza.com\/index.php?rest_route=\/wp\/v2\/posts\/10255"}],"collection":[{"href":"https:\/\/pasaenmendoza.com\/index.php?rest_route=\/wp\/v2\/posts"}],"about":[{"href":"https:\/\/pasaenmendoza.com\/index.php?rest_route=\/wp\/v2\/types\/post"}],"author":[{"embeddable":true,"href":"https:\/\/pasaenmendoza.com\/index.php?rest_route=\/wp\/v2\/users\/2"}],"replies":[{"embeddable":true,"href":"https:\/\/pasaenmendoza.com\/index.php?rest_route=%2Fwp%2Fv2%2Fcomments&post=10255"}],"version-history":[{"count":1,"href":"https:\/\/pasaenmendoza.com\/index.php?rest_route=\/wp\/v2\/posts\/10255\/revisions"}],"predecessor-version":[{"id":10257,"href":"https:\/\/pasaenmendoza.com\/index.php?rest_route=\/wp\/v2\/posts\/10255\/revisions\/10257"}],"wp:featuredmedia":[{"embeddable":true,"href":"https:\/\/pasaenmendoza.com\/index.php?rest_route=\/wp\/v2\/media\/10256"}],"wp:attachment":[{"href":"https:\/\/pasaenmendoza.com\/index.php?rest_route=%2Fwp%2Fv2%2Fmedia&parent=10255"}],"wp:term":[{"taxonomy":"category","embeddable":true,"href":"https:\/\/pasaenmendoza.com\/index.php?rest_route=%2Fwp%2Fv2%2Fcategories&post=10255"},{"taxonomy":"post_tag","embeddable":true,"href":"https:\/\/pasaenmendoza.com\/index.php?rest_route=%2Fwp%2Fv2%2Ftags&post=10255"}],"curies":[{"name":"wp","href":"https:\/\/api.w.org\/{rel}","templated":true}]}}