{"id":10268,"date":"2024-11-25T18:20:49","date_gmt":"2024-11-25T17:20:49","guid":{"rendered":"https:\/\/pasaenmendoza.com\/?p=10268"},"modified":"2024-11-25T18:20:50","modified_gmt":"2024-11-25T17:20:50","slug":"se-reglamentaron-los-cambios-en-la-licencia-de-conducir-y-ahora-se-vencera-cada-10-anos","status":"publish","type":"post","link":"https:\/\/pasaenmendoza.com\/?p=10268","title":{"rendered":"Se reglamentaron los cambios en la licencia de conducir y ahora se vencer\u00e1 cada 10 a\u00f1os"},"content":{"rendered":"\n<p>La nueva reglamentaci\u00f3n en la\u00a0<strong>licencia de conducir<\/strong>\u00a0comenz\u00f3 a regir en estos d\u00edas, de acuerdo a la publicaci\u00f3n en el Bolet\u00edn Oficial de Mendoza, y entre sus cambios significativos se confirma\u00a0<strong>la extensi\u00f3n en los plazos de vencimiento<\/strong>\u00a0de acuerdo a la edad del solicitante.<\/p>\n\n\n\n<p>Para los conductores no profesionales que tengan entre 18 y 65 a\u00f1os,&nbsp;<strong>la licencia tendr\u00e1 una validez de 10 a\u00f1os<\/strong>, el doble del tiempo que duraba su vigencia antes de estas modificaciones.<\/p>\n\n\n\n<p>En tanto, para los conductores de entre 66 a 75 a\u00f1os, la licencia durar\u00e1 5 a\u00f1os; y a partir de los 76 a\u00f1os, la duraci\u00f3n del pl\u00e1stico ser\u00e1 de 3 a\u00f1os y no de uno como hasta ahora. En ambos casos,\u00a0<strong>quienes sean mayores de 66 a\u00f1os ya no tendr\u00e1n la necesidad de realizar la prueba de manejo<\/strong>\u00a0al momento de renovar el carnet.<\/p>\n\n\n\n<p>Estas nuevas medidas reglamentarias a la hora de acceder a la Licencia Nacional de Conducir para cualquier tipo de veh\u00edculo quedaron expresas en la Ley N\u00ba 9587 que modifica la\u00a0<strong>Ley Provincial de Seguridad Vial<\/strong>.<\/p>\n\n\n\n<p>En cambio,&nbsp;<strong>para los conductores profesionales no se aplicaron modificaciones<\/strong>&nbsp;en esta nueva ley que comenz\u00f3 a regir en la provincia de Mendoza este lunes. O sea, no hay cambios para las clases C, D y E.<\/p>\n\n\n\n<p>Los nuevos plazos de vencimiento de la licencia de conducir entran en vigencia para quienes tengan que renovarla o quieran sacarla por primera vez. Es decir que quienes hayan sacado o renovado su licencia en 2019 y en adelante hasta la actualidad,&nbsp;<strong>deben respetar su fecha de vencimiento<\/strong>&nbsp;de 5, 3 o un a\u00f1o, de acuerdo a la edad.<\/p>\n\n\n\n<h2 class=\"wp-block-heading\">No cambian los valores de emisi\u00f3n de la licencia de conducir<\/h2>\n\n\n\n<p>A partir de esta publicaci\u00f3n oficial,&nbsp;<strong>el sistema de emisi\u00f3n de licencias de conducir de la provincia ya est\u00e1 actualizado<\/strong>&nbsp;y los municipios comenzaron este lunes a aplicar los cambios.<\/p>\n\n\n\n<p><strong>Lo que no se modificaron son los valores del tr\u00e1mite<\/strong>, que dependiendo del valor de la unidad tributaria de cada municipio y de la clase de licencia, suelen superar los $18.000,. Al momento de sacar o renovar, se paga un boleto nacional y otro municipal.<\/p>\n\n\n\n<p>En Las Heras, el secretario de Seguridad Fabi\u00e1n &#8220;Oso&#8221; Tello confirm\u00f3 que &#8220;<strong>recibimos muchas consultas sobre estas modificaciones<\/strong>, la gente estaba ansiosa por saber si ya lo est\u00e1bamos aplicando; reci\u00e9n ahora que el sistema est\u00e1 actualizado y sali\u00f3 publicado en el Bolet\u00edn Oficial empezaremos a emitir las licencias bajo los plazos que establece la nueva ley&#8221;.<\/p>\n\n\n\n<p>El funcionario de la Municipalidad de Las Heras destac\u00f3 que el tr\u00e1mite en el centro de emisi\u00f3n ubicado en el Parque Industrial &#8220;no lleva m\u00e1s de 35 minutos&#8221;, y opin\u00f3 que el foco en la tarea de seguridad vial &#8220;debe estar en la educaci\u00f3n, en el respeto a las normas de tr\u00e1nsito; eso es lo que realmente mejorar\u00e1 la calidad de manejo de los mendocinos y podremos ver una disminuci\u00f3n en los accidentes viales&#8221;.<\/p>\n\n\n\n<p>En cuanto a la recaudaci\u00f3n que tienen los municipios en sus oficinas viales, se ver\u00eda resentida reci\u00e9n en 5 a\u00f1os, cuando esta nueva ley aplique para todos los conductores por igual. Es que&nbsp;<strong>a partir de 2028 todos los ciudadanos por igual contemplar\u00e1n estos nuevos plazos<\/strong>&nbsp;de vigencia de la licencia de conducir.<\/p>\n\n\n\n<p>&#8220;<strong>La estructura en los centros de emisi\u00f3n de licencias de conducir municipales quiz\u00e1s pueda verse reducida\u00a0<\/strong>en 5 a\u00f1os debido a que se estiran los plazos y a lo mejor no se necesite la misma cantidad de personal que hoy tienen&#8221;, pronostic\u00f3\u00a0<strong>Orlando Corval\u00e1n<\/strong>, director de la Unidad Ejecutiva de Seguridad Vial.<\/p>\n\n\n\n<h2 class=\"wp-block-heading\">Excepciones para conductores condenados o con infracciones<\/h2>\n\n\n\n<p>Otro punto que marca la nueva reglamentaci\u00f3n es que&nbsp;<strong>se deber\u00e1 suspender la Licencia Nacional de Conducir cuando se compruebe que la condici\u00f3n psicof\u00edsica del conductor resulta inadecuada<\/strong>&nbsp;para seguir manejando un veh\u00edculo, cualquier sea su tipo.<\/p>\n\n\n\n<p>Es el caso de los conductores con\u00a0<strong>alcoholemia positiva<\/strong>, condenados por delitos vinculados a la conducci\u00f3n antirreglamentaria de un veh\u00edculo -tipificados en el C\u00f3digo Penal-, o de los infractores o reincidentes en faltas de tr\u00e1nsito. A todos ellos se les otorgar\u00e1 la licencia por un plazo de 5 a\u00f1os.<\/p>\n\n\n\n<p>Y&nbsp;<strong>el contenido del pl\u00e1stico no sufre modificaciones<\/strong>, teniendo que exhibir datos del conductor como su DNI, grupo sangu\u00edneo, clase de licencia, domicilio, fechas de otorgamiento y vencimiento e identificaci\u00f3n del funcionario y Centro de Emisi\u00f3n de Licencia Nacional de Conducir que la expide.<\/p>\n\n\n\n<p>&#8220;No se puede circular con la licencia vencida. Mantenemos el convenio con la\u00a0<strong>Agencia Nacional de Licencias de Conducir<\/strong>, as\u00ed nos aseguramos que rijan las mismas condiciones de manejo para todo ciudadano argentino&#8221;, concluy\u00f3 Orlando Corval\u00e1n, de la Unidad Ejecutiva de Seguridad Vial de Mendoza.<\/p>\n\n\n\n<p><strong>Fuente: www.diariouno.com.ar<\/strong><\/p>\n","protected":false},"excerpt":{"rendered":"<p>La nueva reglamentaci\u00f3n en la\u00a0licencia de conducir\u00a0comenz\u00f3 a regir en estos d\u00edas, de acuerdo a la publicaci\u00f3n en el Bolet\u00edn Oficial de Mendoza, y entre sus cambios significativos se confirma\u00a0la extensi\u00f3n en los plazos de vencimiento\u00a0de acuerdo a la edad del solicitante. Para los conductores no profesionales que tengan entre 18 y 65 a\u00f1os,&nbsp;la licencia [&hellip;]<\/p>\n","protected":false},"author":2,"featured_media":10269,"comment_status":"open","ping_status":"open","sticky":false,"template":"","format":"standard","meta":[],"categories":[50],"tags":[],"_links":{"self":[{"href":"https:\/\/pasaenmendoza.com\/index.php?rest_route=\/wp\/v2\/posts\/10268"}],"collection":[{"href":"https:\/\/pasaenmendoza.com\/index.php?rest_route=\/wp\/v2\/posts"}],"about":[{"href":"https:\/\/pasaenmendoza.com\/index.php?rest_route=\/wp\/v2\/types\/post"}],"author":[{"embeddable":true,"href":"https:\/\/pasaenmendoza.com\/index.php?rest_route=\/wp\/v2\/users\/2"}],"replies":[{"embeddable":true,"href":"https:\/\/pasaenmendoza.com\/index.php?rest_route=%2Fwp%2Fv2%2Fcomments&post=10268"}],"version-history":[{"count":1,"href":"https:\/\/pasaenmendoza.com\/index.php?rest_route=\/wp\/v2\/posts\/10268\/revisions"}],"predecessor-version":[{"id":10270,"href":"https:\/\/pasaenmendoza.com\/index.php?rest_route=\/wp\/v2\/posts\/10268\/revisions\/10270"}],"wp:featuredmedia":[{"embeddable":true,"href":"https:\/\/pasaenmendoza.com\/index.php?rest_route=\/wp\/v2\/media\/10269"}],"wp:attachment":[{"href":"https:\/\/pasaenmendoza.com\/index.php?rest_route=%2Fwp%2Fv2%2Fmedia&parent=10268"}],"wp:term":[{"taxonomy":"category","embeddable":true,"href":"https:\/\/pasaenmendoza.com\/index.php?rest_route=%2Fwp%2Fv2%2Fcategories&post=10268"},{"taxonomy":"post_tag","embeddable":true,"href":"https:\/\/pasaenmendoza.com\/index.php?rest_route=%2Fwp%2Fv2%2Ftags&post=10268"}],"curies":[{"name":"wp","href":"https:\/\/api.w.org\/{rel}","templated":true}]}}