{"id":1027,"date":"2023-08-29T15:29:00","date_gmt":"2023-08-29T13:29:00","guid":{"rendered":"https:\/\/pasaenmendoza.com\/?p=1027"},"modified":"2023-08-29T15:29:01","modified_gmt":"2023-08-29T13:29:01","slug":"cuanto-subieron-los-medicamentos-en-mendoza-y-como-esta-el-stock","status":"publish","type":"post","link":"https:\/\/pasaenmendoza.com\/?p=1027","title":{"rendered":"Cu\u00e1nto subieron los medicamentos en Mendoza y c\u00f3mo est\u00e1 el stock"},"content":{"rendered":"\n<p>Todav\u00eda se sienten en el bolsillo los coletazos de las elecciones primarias. Sumado a la\u00a0<strong>devaluaci\u00f3n<\/strong>\u00a0que el Gobierno realiz\u00f3 al d\u00eda siguiente, las otras variables econ\u00f3micas se dispararon en un contexto que ya ven\u00eda complicado. En la semana posterior a las PASO, todos los rubros subieron de precio, y uno de los m\u00e1s delicados es el de los remedios, cuyos valores subieron al ritmo de la\u00a0<strong>devaluaci\u00f3n del 22 % y m\u00e1s<\/strong>.<\/p>\n\n\n\n<p>&#8220;Los\u00a0<strong>medicamentos<\/strong>\u00a0aumentaron la semana despu\u00e9s de las PASO entre un 20% y un 25%. Depende del laboratorio y depende de las marcas comerciales&#8221;, explic\u00f3 al\u00a0<strong>POST<\/strong>\u00a0el presidente del Colegio Farmac\u00e9utico de Mendoza, Mario Valestra.<\/p>\n\n\n\n<p>El d\u00eda despu\u00e9s de la victoria de\u00a0<strong>Javier Milei\u00a0<\/strong>en las PASO, el Banco Central devalu\u00f3 22% el peso, quedando el tipo de cambio oficial fijo en $365,50. Ante el posible volantazo econ\u00f3mico que implicar\u00eda el cambio de signo pol\u00edtico en el Gobierno, los mercados entraron en situaci\u00f3n de incertidumbre y en pocos d\u00edas el d\u00f3lar blue subi\u00f3 m\u00e1s de $150. Los aumentos se fueron trasladando a los\u00a0<strong>precios<\/strong>\u00a0de los distintos productos y servicios.<\/p>\n\n\n\n<p>El viernes de esa misma semana, el Gobierno lleg\u00f3 a un acuerdo con los laboratorios para congelar por tres meses los\u00a0<strong>precios<\/strong>\u00a0de los\u00a0<strong>medicamentos<\/strong>, con un aumento previsto de 5% por mes.\u00a0Pero ya era tarde; ya hab\u00edan subido m\u00e1s de 20% en esa semana como consecuencia de la suba en el d\u00f3lar oficial.\u00a0<\/p>\n\n\n\n<p>Estos son los precios que, seg\u00fan marca el convenio, se mantendr\u00e1n al menos hasta el 31 de octubre: ni siquiera habr\u00e1n subas del 5% mensuales porque este domingo el ministro\u00a0Sergio Massa\u00a0anunci\u00f3 &#8220;cero aumento&#8221; de los medicamentos hasta noviembre. Lo hizo como parte del paquete de medidas que intentan paliar el impacto de la\u00a0<strong>devaluaci\u00f3n<\/strong>\u00a0y los\u00a0<strong>aumentos<\/strong>\u00a0en los hogares argentinos.\u00a0<\/p>\n\n\n\n<p>Desde las farmacias aseguran que no hay faltantes de\u00a0<strong>medicamentos<\/strong>\u00a0debido a que poseen stock de varias marcas, pero denuncian que los pagos que les emiten las obras sociales tienen plazos de hasta 45 d\u00edas, con lo cual se produce un desfasaje que las afecta.<\/p>\n\n\n\n<p>&#8220;No se han establecido faltantes que establezcan una cronicidad de la falta. Tenemos la posibilidad de sustituir, normalmente tenemos una gama de\u00a0<strong>medicamentos<\/strong>\u00a0de distintos laboratorios que son sustitutos de otros laboratorios de marca&#8221;, indic\u00f3 Luis Salvi, integrante tambi\u00e9n de la entidad farmac\u00e9utica en Mendoza.<\/p>\n\n\n\n<p>Respecto de qu\u00e9 medicamentos han subido m\u00e1s de precio, Salvi dijo que es dif\u00edcil establecerlo. &#8220;Muchas veces los laboratorios establecen un porcentaje en un mes que probablemente estuvo por debajo de lo que deb\u00edan aumentar o de la media en la que estuvo del \u00edndice de inflaci\u00f3n. Entonces compensan al mes siguiente, o viceversa. Han aumentado demasiado en el mes anterior y entonces este mes tienen que aumentar para estar dentro de una media que se establece normalmente&#8221;.<\/p>\n\n\n\n<p>A la crisis en farmacias se suman dos factores m\u00e1s que evidencian la situaci\u00f3n en la salud privada. Uno, el anuncio de que los m\u00e9dicos especialistas de Mendoza dejar\u00e1n de recibir prepagas y obras sociales que no les garanticen el cobro m\u00ednimo de $6.000 por consulta, ya sea a trav\u00e9s de una cobertura completa o con un copago que lleve a cubrir esa cantidad -en el caso de la psiquiatr\u00eda, el cobro m\u00ednimo por consulta es de $8.000-.<\/p>\n\n\n\n<p>Por otro lado, hace algunos d\u00edas la Asociaci\u00f3n de Cl\u00ednicas y Sanatorios (Aclisa) denunci\u00f3 a trav\u00e9s de un comunicado que ya no pod\u00edan adquirir insumos, descartables y\u00a0<strong>medicamentos<\/strong>, lo que pon\u00eda en peligro la continuidad de la atenci\u00f3n m\u00e9dica en dichas instituciones, que &#8220;resultan imposibilitadas de funcionar en esas condiciones, recibiendo muy pocos insumos y en muchos de los casos sin precio determinado&#8221;, seg\u00fan asegura el escrito.<\/p>\n\n\n\n<p><strong>Fuente: www.mendozapost.com<\/strong><\/p>\n","protected":false},"excerpt":{"rendered":"<p>Todav\u00eda se sienten en el bolsillo los coletazos de las elecciones primarias. Sumado a la\u00a0devaluaci\u00f3n\u00a0que el Gobierno realiz\u00f3 al d\u00eda siguiente, las otras variables econ\u00f3micas se dispararon en un contexto que ya ven\u00eda complicado. En la semana posterior a las PASO, todos los rubros subieron de precio, y uno de los m\u00e1s delicados es el [&hellip;]<\/p>\n","protected":false},"author":2,"featured_media":1028,"comment_status":"open","ping_status":"open","sticky":false,"template":"","format":"standard","meta":[],"categories":[49],"tags":[],"_links":{"self":[{"href":"https:\/\/pasaenmendoza.com\/index.php?rest_route=\/wp\/v2\/posts\/1027"}],"collection":[{"href":"https:\/\/pasaenmendoza.com\/index.php?rest_route=\/wp\/v2\/posts"}],"about":[{"href":"https:\/\/pasaenmendoza.com\/index.php?rest_route=\/wp\/v2\/types\/post"}],"author":[{"embeddable":true,"href":"https:\/\/pasaenmendoza.com\/index.php?rest_route=\/wp\/v2\/users\/2"}],"replies":[{"embeddable":true,"href":"https:\/\/pasaenmendoza.com\/index.php?rest_route=%2Fwp%2Fv2%2Fcomments&post=1027"}],"version-history":[{"count":1,"href":"https:\/\/pasaenmendoza.com\/index.php?rest_route=\/wp\/v2\/posts\/1027\/revisions"}],"predecessor-version":[{"id":1029,"href":"https:\/\/pasaenmendoza.com\/index.php?rest_route=\/wp\/v2\/posts\/1027\/revisions\/1029"}],"wp:featuredmedia":[{"embeddable":true,"href":"https:\/\/pasaenmendoza.com\/index.php?rest_route=\/wp\/v2\/media\/1028"}],"wp:attachment":[{"href":"https:\/\/pasaenmendoza.com\/index.php?rest_route=%2Fwp%2Fv2%2Fmedia&parent=1027"}],"wp:term":[{"taxonomy":"category","embeddable":true,"href":"https:\/\/pasaenmendoza.com\/index.php?rest_route=%2Fwp%2Fv2%2Fcategories&post=1027"},{"taxonomy":"post_tag","embeddable":true,"href":"https:\/\/pasaenmendoza.com\/index.php?rest_route=%2Fwp%2Fv2%2Ftags&post=1027"}],"curies":[{"name":"wp","href":"https:\/\/api.w.org\/{rel}","templated":true}]}}