{"id":10274,"date":"2024-11-25T18:34:03","date_gmt":"2024-11-25T17:34:03","guid":{"rendered":"https:\/\/pasaenmendoza.com\/?p=10274"},"modified":"2024-11-25T18:34:04","modified_gmt":"2024-11-25T17:34:04","slug":"salud-realiza-testeos-y-asesoramiento-gratuito-para-vih-sida-y-sifilis","status":"publish","type":"post","link":"https:\/\/pasaenmendoza.com\/?p=10274","title":{"rendered":"Salud realiza testeos y asesoramiento gratuito para VIH-sida y S\u00edfilis"},"content":{"rendered":"\n<p>El Ministerio de Salud y Deportes, a trav\u00e9s del<strong>\u00a0Programa Provincial de SIDA<\/strong>, est\u00e1 realizando la campa\u00f1a \u201cMendoza Elige Saber\u201d, en conmemoraci\u00f3n al<strong>\u00a01 de diciembre, \u201cD\u00eda Mundial de la Respuesta al VIH-sida y S\u00edfilis\u201d.<\/strong><\/p>\n\n\n\n<p>La acci\u00f3n tiene por objetivo promover la accesibilidad al diagn\u00f3stico para reducir la cantidad de prescripciones tard\u00edas; seguir fomentando el testeo de mujeres embarazadas para evitar la transmisi\u00f3n vertical del VIH e ITS e incluir a sus parejas y disminuir el estigma y los<strong>\u00a0mitos en torno al\u00a0VIH y otras ITS<\/strong>, a trav\u00e9s del asesoramiento y consejer\u00eda.<\/p>\n\n\n\n<p>La misma es una actividad organizada en forma conjunta con hospitales, CePATs, Programas Municipales, Organizaciones de la Sociedad Civil y Universidades. Todos comprometidos en estar m\u00e1s cerca de la comunidad para difundir y<strong>\u00a0concientizar sobre el\u00a0VIH-sida y S\u00edfilis.<\/strong><\/p>\n\n\n\n<p>En este sentido, hasta el 12 de diciembre, en 52 lugares de la provincia, se est\u00e1n ofreciendo<strong>\u00a0testeos r\u00e1pidos\u00a0y asesoramiento en VIH-sida y S\u00edfilis<\/strong>. Es importante recalcar que los testeos r\u00e1pidos son gratuitos, confidenciales y con devoluci\u00f3n del resultado en el momento.<\/p>\n\n\n\n<p>Las jornadas continuar\u00e1n en los siguientes CePATs, hospitales, centros de salud, universidades, ONG y programas municipales:<\/p>\n\n\n\n<p><strong>Martes 26<\/strong><\/p>\n\n\n\n<p>\u00a0*C.A.P.S N 62 \u201cDr. De Lellis\u201d de 7.30 a 9 (Jun\u00edn).<\/p>\n\n\n\n<p><strong>Mi\u00e9rcoles<\/strong> 27<\/p>\n\n\n\n<p>&nbsp;*CAPS Giagnoni y Alto Verde de 7.30 a 9 (Jun\u00edn).<\/p>\n\n\n\n<p><strong>Jueves 28<\/strong><\/p>\n\n\n\n<p>&nbsp;*CAPS Barriales y Rodr\u00edguez de 7,30 a 9 (Jun\u00edn).<\/p>\n\n\n\n<p><strong>Viernes 29, de 7.30 a 9<\/strong><\/p>\n\n\n\n<p>&nbsp;*CAPS N 62 \u201cDr. Lellis\u201d &#8211; Hall central (Jun\u00edn).<\/p>\n\n\n\n<p>*Hospital Illia &#8211; Hall central (La Paz).<\/p>\n\n\n\n<p>*Hospital Fernando Arenas Raffo- Hall central (Santa Rosa).<\/p>\n\n\n\n<p>* CePAT CAPS 76 Palmira- Hall central (Palmira).<\/p>\n\n\n\n<p><strong>Mi\u00e9rcoles 11 de diciembre, de 9 a 12.30<\/strong><\/p>\n\n\n\n<p>*CAPS \u201cLos Campamentos\u201d &#8211; Hall central (Rivadavia).<\/p>\n\n\n\n<p><strong>Jueves 12 de diciembre, de 9 a 12.30<\/strong><\/p>\n\n\n\n<p>&nbsp;*CePAT Hospital Saporiti &#8211; Hall central (Rivadavia).<\/p>\n\n\n\n<p><strong>REGI\u00d3N METROPOLITANA NORTE<\/strong><\/p>\n\n\n\n<p><strong>Viernes 29 , de 9 a 13<\/strong><\/p>\n\n\n\n<p>*Centro Dr. Emilio Coni &#8211; Ingreso por calle Espa\u00f1a (Ciudad).<\/p>\n\n\n\n<p>*Hospital Lagomaggiore &#8211; Hall Central (Ciudad).<\/p>\n\n\n\n<p>*Hospital Central &#8211; Hall central (Ciudad).<\/p>\n\n\n\n<p>* CAPS 1-Barrio San Mart\u00edn &#8211; Hall central (Ciudad).<\/p>\n\n\n\n<p>&nbsp;* CAPS 2- Barrio San Antonio- Hall central (Ciudad).<\/p>\n\n\n\n<p>* CePATMunic. De la Ciudad de Mendoza-Peatonal Sarmiento y San Mart\u00edn (Ciudad)<\/p>\n\n\n\n<p>* OSEP &#8211; Peatonal Sarmiento frente a la Legislatura (Ciudad).<\/p>\n\n\n\n<p>&nbsp;* Hospital Fleming &#8211; Hall central (Ciudad).<\/p>\n\n\n\n<p>&nbsp;* Hospital Universitario- Hall central -UNC.(Ciudad).<\/p>\n\n\n\n<p>&nbsp;* CENMAD- Centro de medicina del Adolescente- UNC. (Ciudad).<\/p>\n\n\n\n<p>&nbsp;* BIENESTAR UNIVERSITARIO-Comedor Universitario. UNC (Ciudad).<\/p>\n\n\n\n<p>* CENTRO M\u00c9DICO MEDIKIDS- Consultorios (Ciudad).<\/p>\n\n\n\n<p>* Penitenciaria Boulogne Sur Mer (Ciudad).<\/p>\n\n\n\n<p>&nbsp;*Hospital Pedi\u00e1trico H. Notti-Explanada de ingreso (Guaymall\u00e9n).<\/p>\n\n\n\n<p>* CAPS 16- Villanueva &#8211; Hall central (Guaymall\u00e9n).<\/p>\n\n\n\n<p>* CAPS 246- Puente de Hierro &#8211; Hall central (Guaymall\u00e9n).<\/p>\n\n\n\n<p>* Universidad MAZA (Guaymall\u00e9n).<\/p>\n\n\n\n<p>* Hospital Gailhac &#8211; Hall central (Las Heras).<\/p>\n\n\n\n<p>&nbsp;* \u00c1rea de Salud de Las Heras &#8211; Plaza Burgos (Las Heras).<\/p>\n\n\n\n<p>&nbsp;* CePAT Vida Infantil y C.A.P.S N 20 &#8211; Hall central (Las Heras).<\/p>\n\n\n\n<p>* CePAT CAPS 43 Costa de Araujo &#8211; Vereda Banco Naci\u00f3n (Lavalle).<\/p>\n\n\n\n<p>*Hospital S\u00edcoli- Hall central (Lavalle).<\/p>\n\n\n\n<p><strong>S\u00e1bado 30, de 10 a 18<\/strong><\/p>\n\n\n\n<p>&nbsp;*Hospital Chrabalowski &#8211; Hall central (Uspallata- Las Heras).<\/p>\n\n\n\n<p><strong>S\u00e1bado 7 de diciembre, de 18 a 21<\/strong><\/p>\n\n\n\n<p>&nbsp;*CePAT Rock and Vida -Peatonal Sarmiento, frente a la Legislatura, (Ciudad).<\/p>\n\n\n\n<p><strong>REGI\u00d3N METROPOLITANA SUR<\/strong><\/p>\n\n\n\n<p><strong>Viernes 29, de 9 a 13<\/strong><\/p>\n\n\n\n<p>&nbsp;*Hospital Lencinas &#8211; P\u00e9rgola de ingreso (Godoy Cruz).<\/p>\n\n\n\n<p>* CePAT Municipalidad de Godoy Cruz- Plaza departamental (Godoy Cruz).<\/p>\n\n\n\n<p>&nbsp;* CePAT B\u00b0 La Estanzuela 168- Hall central (Godoy Cruz).<\/p>\n\n\n\n<p>* CAPS 31 &#8211; Hall central (Luj\u00e1n de Cuyo).<\/p>\n\n\n\n<p>* Penitenciaria Almafuerte (Cacheuta- Luj\u00e1n de Cuyo).<\/p>\n\n\n\n<p>*Hospital Paroissien &#8211; Hall Consultorios externos (Maip\u00fa).<\/p>\n\n\n\n<p><strong>REGI\u00d3N VALLE DE UCO<\/strong><\/p>\n\n\n\n<p><strong>Viernes 29, de 9 a 13<\/strong><\/p>\n\n\n\n<p>*Hospital Tagarelli &#8211; Hall central (San Carlos).<\/p>\n\n\n\n<p>* CePAT CAPS 101 &#8211; Hall central (San Carlos).<\/p>\n\n\n\n<p>*Hospital Gral Las Heras &#8211; Hall central (Tupungato).<\/p>\n\n\n\n<p>* CePAT \u00c1rea de Salud Tupungato-CAPS Cord\u00f3n del Plata (Tupungato).<\/p>\n\n\n\n<p>&nbsp;* \u00c1rea de Salud de Tunuy\u00e1n &#8211; Plaza departamental (Tunuy\u00e1n).<\/p>\n\n\n\n<p>* CAPS 91-Hall central (Tunuy\u00e1n).<\/p>\n\n\n\n<p><strong>REGI\u00d3N SUR<\/strong><\/p>\n\n\n\n<p><strong>Viernes 29, de 9 a 13<\/strong><\/p>\n\n\n\n<p>*Hospital Schestakow &#8211; Hall central (San Rafael).<\/p>\n\n\n\n<p>* Asociaci\u00f3n Mutual de Emprendimientos Generales- (San Rafael &#8211; Tarde).<\/p>\n\n\n\n<p>*Hospital Enfermeros Argentinos &#8211; Hall central (General Alvear).<\/p>\n\n\n\n<p><strong>Fuente: www.diariomendoza.com.ar<\/strong><\/p>\n","protected":false},"excerpt":{"rendered":"<p>El Ministerio de Salud y Deportes, a trav\u00e9s del\u00a0Programa Provincial de SIDA, est\u00e1 realizando la campa\u00f1a \u201cMendoza Elige Saber\u201d, en conmemoraci\u00f3n al\u00a01 de diciembre, \u201cD\u00eda Mundial de la Respuesta al VIH-sida y S\u00edfilis\u201d. La acci\u00f3n tiene por objetivo promover la accesibilidad al diagn\u00f3stico para reducir la cantidad de prescripciones tard\u00edas; seguir fomentando el testeo de [&hellip;]<\/p>\n","protected":false},"author":2,"featured_media":10275,"comment_status":"open","ping_status":"open","sticky":false,"template":"","format":"standard","meta":[],"categories":[58],"tags":[],"_links":{"self":[{"href":"https:\/\/pasaenmendoza.com\/index.php?rest_route=\/wp\/v2\/posts\/10274"}],"collection":[{"href":"https:\/\/pasaenmendoza.com\/index.php?rest_route=\/wp\/v2\/posts"}],"about":[{"href":"https:\/\/pasaenmendoza.com\/index.php?rest_route=\/wp\/v2\/types\/post"}],"author":[{"embeddable":true,"href":"https:\/\/pasaenmendoza.com\/index.php?rest_route=\/wp\/v2\/users\/2"}],"replies":[{"embeddable":true,"href":"https:\/\/pasaenmendoza.com\/index.php?rest_route=%2Fwp%2Fv2%2Fcomments&post=10274"}],"version-history":[{"count":1,"href":"https:\/\/pasaenmendoza.com\/index.php?rest_route=\/wp\/v2\/posts\/10274\/revisions"}],"predecessor-version":[{"id":10276,"href":"https:\/\/pasaenmendoza.com\/index.php?rest_route=\/wp\/v2\/posts\/10274\/revisions\/10276"}],"wp:featuredmedia":[{"embeddable":true,"href":"https:\/\/pasaenmendoza.com\/index.php?rest_route=\/wp\/v2\/media\/10275"}],"wp:attachment":[{"href":"https:\/\/pasaenmendoza.com\/index.php?rest_route=%2Fwp%2Fv2%2Fmedia&parent=10274"}],"wp:term":[{"taxonomy":"category","embeddable":true,"href":"https:\/\/pasaenmendoza.com\/index.php?rest_route=%2Fwp%2Fv2%2Fcategories&post=10274"},{"taxonomy":"post_tag","embeddable":true,"href":"https:\/\/pasaenmendoza.com\/index.php?rest_route=%2Fwp%2Fv2%2Ftags&post=10274"}],"curies":[{"name":"wp","href":"https:\/\/api.w.org\/{rel}","templated":true}]}}