{"id":10286,"date":"2024-11-26T22:26:26","date_gmt":"2024-11-26T21:26:26","guid":{"rendered":"https:\/\/pasaenmendoza.com\/?p=10286"},"modified":"2024-11-26T22:26:27","modified_gmt":"2024-11-26T21:26:27","slug":"vendimia-2025-las-propuestas-que-analiza-el-gobierno-para-la-tercera-noche","status":"publish","type":"post","link":"https:\/\/pasaenmendoza.com\/?p=10286","title":{"rendered":"Vendimia 2025: las propuestas que analiza el Gobierno para la tercera noche"},"content":{"rendered":"\n<p>Productores locales, nacionales y hasta internacionales buscar\u00e1n tentar al Gobierno con una propuesta para organizar la tercera noche de la\u00a0<strong>Vendimia\u00a0<\/strong>el pr\u00f3ximo 10 de marzo. El Ejecutivo ya anunci\u00f3 que su intervenci\u00f3n en la\u00a0<strong>Fiesta de la Vendimia 2025\u00a0<\/strong>llegar\u00e1 hasta la primera repetici\u00f3n, es decir, que tendr\u00e1<strong>\u00a0Acto Central<\/strong>\u00a0y una noche m\u00e1s el d\u00eda domingo. Ya hay m\u00e1s de 10 propuestas sobre la mesa y preparan un\u00a0<em>&#8220;bordereau&#8221;\u00a0<\/em>para analizarlas en detalle.<\/p>\n\n\n\n<p>El subsecretario de Cultura de la provincia,\u00a0<strong>Diego Gareca<\/strong>, revel\u00f3 que ya se est\u00e1 trabajando en los detalles para concretar una segunda repetici\u00f3n en manos de productores privados. Seg\u00fan coment\u00f3, ya hay diez propuestas arriba de la mesa que seducen de cara a la decisi\u00f3n para &#8220;prestar&#8221; el\u00a0<strong>Frank Romero Day<\/strong>. El funcionario indic\u00f3 que la mayor\u00eda son productores locales que quieren convertir la tercera noche de Vendimia en un festival de\u00a0<strong>cumbia<\/strong>, otros buscan a artistas de<strong>\u00a0rock nacional<\/strong>\u00a0y tambi\u00e9n otros quieren una<strong>\u00a0fiesta electr\u00f3nica.<\/strong><\/p>\n\n\n\n<p>&#8220;Hemos hecho una mirada importante para cuidar los fondos para hacer la fiesta. Nosotros no organizaremos la Vendimia el 10 de marzo, solamente 8 y 9. La decisi\u00f3n es solamente econ\u00f3mica, por no hacer esa tercera noche nos ahorraremos 1.500 millones. Tampoco estar\u00e1n los palcos en la V\u00eda Blanca y Carrousel. Creemos que esto es ser m\u00e1s racionales con la econom\u00eda&#8221;<strong>.<\/strong><\/p>\n\n\n\n<p>El funcionario explic\u00f3 que las propuestas que lleven los productores se arrojar\u00e1n sobre la mesa en una especie de\u00a0<em>bordereau,\u00a0<\/em>por lo que se espera que en las pr\u00f3ximas semanas los privados ya tengan delineada su propuesta. La condici\u00f3n que pone el Gobierno es que el artista\/artistas o banda\/s\u00a0puedan llenar el Frank Romero Day, que tiene una capacidad aproximada de 20.000 personas. Se buscan figuras nacionales (y por que no internacionales) que puedan cortar esa gran cantidad de tickets.<\/p>\n\n\n\n<p>&#8220;Un productor acerc\u00f3 la propuesta de traer a&nbsp;<strong>Sting<\/strong>, por ejemplo. Pero por tema de fechas y calendarios no se puede,&nbsp;<strong>Sting&nbsp;<\/strong>tiene dos shows en Buenos Aires y ah\u00ed surgi\u00f3 la posibilidad de traerlo&#8221;, coment\u00f3 Gareca sobre una situaci\u00f3n ya descartada. Otro punto a tener en cuenta es que las figuras del&nbsp;<strong>trap<\/strong>, seg\u00fan pudo saber este medio, est\u00e1n &#8220;casi afuera&#8221; por una cuesti\u00f3n de costos. Los principales referentes de la m\u00fasica urbana tienen un &#8220;<em>cachet<\/em>&#8221; que se hace inalcanzable para los productores, sumado a que ya por ejemplo, Mar\u00eda Becerra y Duki tienen otras fechas en&nbsp;<strong>Mendoza&nbsp;<\/strong>cercanas a la Vendimia.<\/p>\n\n\n\n<p>Lo que queda por delante es que el Gobierno comience a delinear con los productores c\u00f3mo ser\u00e1 la tercera noche. Certezas hay: Cultura se har\u00e1 cargo de dejar &#8220;los fierros&#8221; montados, es decir, el escenario quedar\u00e1 listo para que los m\u00fasicos suban a tocar el lunes con sonido y luces. Esa condici\u00f3n, seg\u00fan comentan, fue bien tomada por los privados para utilizar el Teatro Griego que luego de cada\u00a0<strong>Vendimia\u00a0<\/strong>queda sin ser utilizado para otras producciones. En el Gobierno entienden que esto puede abrir el panorama para que se use cada vez m\u00e1s. Otra de las certezas es la recaudaci\u00f3n: las entradas estar\u00e1n a cargo del privado (ellos definir\u00e1n los precios), aunque un 20% le quedar\u00e1 al Gobierno.<\/p>\n\n\n\n<p>Gareca tambi\u00e9n brind\u00f3 definiciones respecto de las\u00a0<strong>entradas\u00a0<\/strong>y los\u00a0<strong>precios<\/strong>. &#8220;Hemos cambiado la estrategia desde la\u00a0<strong>Vendimia\u00a0<\/strong>2024. Antes cobramos siempre un valor simb\u00f3lico por la Vendimia y nunca fue con fines recaudatorios, ahora cambiamos y establecemos la relaci\u00f3n que hay entre lo que se brinda y el precio. Vamos a tener una actualizaci\u00f3n de precios que ser\u00e1 publicada en su momento. El mendocino ser\u00e1 beneficiado con una entrada m\u00e1s barata y el turista tendr\u00e1 una entrada m\u00e1s cara, como el a\u00f1o pasado&#8221;, cont\u00f3.<\/p>\n\n\n\n<p>Si bien a\u00fan no est\u00e1n cerrados los\u00a0<strong>artistas<\/strong>, los focos est\u00e1n puestos en definirlos pr\u00f3ximamente: el Gobierno se har\u00e1 cargo de la primera repetici\u00f3n tal y como la conocemos los mendocinos, con un estilo que est\u00e1 pr\u00f3ximo a definirse y con la actuaci\u00f3n de los artistas contratados que reflejar\u00e1n lo que es Vendimia. La contrataci\u00f3n de los privados quedar\u00e1 para la tercera noche, en una modalidad que parece que se sostendr\u00e1 en el tiempo.<\/p>\n\n\n\n<p><strong>Fuente: www.mdzol.com<\/strong><\/p>\n","protected":false},"excerpt":{"rendered":"<p>Productores locales, nacionales y hasta internacionales buscar\u00e1n tentar al Gobierno con una propuesta para organizar la tercera noche de la\u00a0Vendimia\u00a0el pr\u00f3ximo 10 de marzo. El Ejecutivo ya anunci\u00f3 que su intervenci\u00f3n en la\u00a0Fiesta de la Vendimia 2025\u00a0llegar\u00e1 hasta la primera repetici\u00f3n, es decir, que tendr\u00e1\u00a0Acto Central\u00a0y una noche m\u00e1s el d\u00eda domingo. Ya hay m\u00e1s [&hellip;]<\/p>\n","protected":false},"author":2,"featured_media":10287,"comment_status":"open","ping_status":"open","sticky":false,"template":"","format":"standard","meta":[],"categories":[74],"tags":[],"_links":{"self":[{"href":"https:\/\/pasaenmendoza.com\/index.php?rest_route=\/wp\/v2\/posts\/10286"}],"collection":[{"href":"https:\/\/pasaenmendoza.com\/index.php?rest_route=\/wp\/v2\/posts"}],"about":[{"href":"https:\/\/pasaenmendoza.com\/index.php?rest_route=\/wp\/v2\/types\/post"}],"author":[{"embeddable":true,"href":"https:\/\/pasaenmendoza.com\/index.php?rest_route=\/wp\/v2\/users\/2"}],"replies":[{"embeddable":true,"href":"https:\/\/pasaenmendoza.com\/index.php?rest_route=%2Fwp%2Fv2%2Fcomments&post=10286"}],"version-history":[{"count":1,"href":"https:\/\/pasaenmendoza.com\/index.php?rest_route=\/wp\/v2\/posts\/10286\/revisions"}],"predecessor-version":[{"id":10288,"href":"https:\/\/pasaenmendoza.com\/index.php?rest_route=\/wp\/v2\/posts\/10286\/revisions\/10288"}],"wp:featuredmedia":[{"embeddable":true,"href":"https:\/\/pasaenmendoza.com\/index.php?rest_route=\/wp\/v2\/media\/10287"}],"wp:attachment":[{"href":"https:\/\/pasaenmendoza.com\/index.php?rest_route=%2Fwp%2Fv2%2Fmedia&parent=10286"}],"wp:term":[{"taxonomy":"category","embeddable":true,"href":"https:\/\/pasaenmendoza.com\/index.php?rest_route=%2Fwp%2Fv2%2Fcategories&post=10286"},{"taxonomy":"post_tag","embeddable":true,"href":"https:\/\/pasaenmendoza.com\/index.php?rest_route=%2Fwp%2Fv2%2Ftags&post=10286"}],"curies":[{"name":"wp","href":"https:\/\/api.w.org\/{rel}","templated":true}]}}