{"id":10295,"date":"2024-11-26T22:36:44","date_gmt":"2024-11-26T21:36:44","guid":{"rendered":"https:\/\/pasaenmendoza.com\/?p=10295"},"modified":"2024-11-26T22:36:45","modified_gmt":"2024-11-26T21:36:45","slug":"los-5-gobernadores-de-la-mesa-del-cobre-se-juntan-en-mendoza-para-reafirmar-una-agenda-en-comun","status":"publish","type":"post","link":"https:\/\/pasaenmendoza.com\/?p=10295","title":{"rendered":"Los 5 gobernadores de la Mesa del Cobre se juntan en Mendoza para reafirmar una agenda en com\u00fan"},"content":{"rendered":"\n<p>Los\u00a0<strong>cinco gobernadores que conforman la\u00a0Mesa del Cobre<\/strong>, Ra\u00fal Jalil (Catamarca), Gustavo S\u00e1enz (Salta), Marcelo Orrego (San Juan) y Carlos Sadir (Jujuy), a los que se sum\u00f3 en mayo pasado<strong>\u00a0Alfredo Cornejo<\/strong>, le dar\u00e1n el<strong>\u00a0respaldo pol\u00edtico a la Cumbre de Miner\u00eda Sostenible<\/strong>\u00a0que se har\u00e1 en Mendoza. De paso, aprovechar\u00e1n la reuni\u00f3n de este mi\u00e9rcoles para definir futuras pol\u00edticas en conjunto.<\/p>\n\n\n\n<p>La reuni\u00f3n de los mandatarios buscar\u00e1 darle un mensaje simb\u00f3lico y contundente a los empresarios y potenciales inversores mineros que acudir\u00e1n a la cumbre: tienen proyectos en conjunto y m\u00e1s all\u00e1 de la diversidad pol\u00edtica que mantienen,&nbsp;<strong>se han trazado una agenda com\u00fan que pretende potenciar a la regi\u00f3n.<\/strong><\/p>\n\n\n\n<p>Hay que recordar que en ese grupo de gobernadores coexisten mandatarios del PJ o partidos afines, como son Jalil y S\u00e1enz, otros radicales como el mismo Cornejo y Sadir, y uno del PRO, como es el caso del sanjuanino Orrego.<\/p>\n\n\n\n<p>&#8220;Es clave que los cinco gobernadores sean quienes abran la Cumbre de Miner\u00eda, porque el mensaje que env\u00edan es que&nbsp;<strong>est\u00e1n decididos a darle solvencia y seguridad jur\u00eddica a la Mesa del Cobre<\/strong>&nbsp;y a los proyectos que se generen en la regi\u00f3n. Cuando hemos viajado en comitiva al exterior, lo primero que nos consultan los inversores es si est\u00e1 garantizada esa seguridad jur\u00eddica, y en ese punto en particular es clave el compromiso de los gobernadores&#8221;, marc\u00f3 la ministra de Energ\u00eda, Jimena Latorre, quien integr\u00f3 varias veces esas comitivas oficiales.<\/p>\n\n\n\n<p>Ese grupo de gobernadores ya se ha fijado medidas que replicar\u00e1n en conjunto en sus provincias, entre ellas la baja de impuestos para incentivar las inversiones mineras, la\u00a0formaci\u00f3n de capital humano, y la intenci\u00f3n de desarrollar infraestructura de manera regional.<\/p>\n\n\n\n<p>De hecho en la cumbre que se har\u00e1 en Mendoza tambi\u00e9n se reunir\u00e1 el Consejo Federal de Miner\u00eda, en el que tienen representantes cada una de esas provincias de la Mesa del Cobre, para hacer la asamblea anual y fijar prioridades para el 2025.<\/p>\n\n\n\n<h2 class=\"wp-block-heading\">El rol de los empresarios y el ejemplo del Distrito Minero Malarg\u00fce<\/h2>\n\n\n\n<p>Si bien ser\u00e1n los gobernadores quienes le dar\u00e1n apertura a la\u00a0Cumbre de Miner\u00eda Sostenible, el sector de los empresarios mineros tambi\u00e9n estar\u00e1 representado porque el moderador del panel ser\u00e1 justamente el presidente de la C\u00e1mara de Empresarios Mineros, Roberto Cacciola.<\/p>\n\n\n\n<p>Entre los objetivos de esas primeras ponencias figuran definir las proyecciones de mercados clave, especialmente el cobre, y las buenas pr\u00e1cticas en sostenibilidad de empresas l\u00edderes, y en paralelo c\u00f3mo obtener el financiamiento y mercado de capitales a nivel local y global.<\/p>\n\n\n\n<p>De hecho est\u00e1 previsto que los funcionarios mendocinos pongan de ejemplo las pr\u00e1cticas de sostenibilidad y la implementaci\u00f3n de proyectos como el de \u201cMalargue Distrito Minero Occidental\u201d, en el cual ya se aprob\u00f3 la Declaraci\u00f3n de Impacto ambiental para la exploraci\u00f3n de 34 proyectos de cobre de la primera etapa, y ya ingresaron otros 29 proyectos m\u00e1s que est\u00e1n en etapa de estudio inicial.<\/p>\n\n\n\n<p><strong>Fuente: www.diariouno.com.ar<\/strong><\/p>\n","protected":false},"excerpt":{"rendered":"<p>Los\u00a0cinco gobernadores que conforman la\u00a0Mesa del Cobre, Ra\u00fal Jalil (Catamarca), Gustavo S\u00e1enz (Salta), Marcelo Orrego (San Juan) y Carlos Sadir (Jujuy), a los que se sum\u00f3 en mayo pasado\u00a0Alfredo Cornejo, le dar\u00e1n el\u00a0respaldo pol\u00edtico a la Cumbre de Miner\u00eda Sostenible\u00a0que se har\u00e1 en Mendoza. De paso, aprovechar\u00e1n la reuni\u00f3n de este mi\u00e9rcoles para definir futuras [&hellip;]<\/p>\n","protected":false},"author":2,"featured_media":10297,"comment_status":"open","ping_status":"open","sticky":false,"template":"","format":"standard","meta":[],"categories":[47],"tags":[],"_links":{"self":[{"href":"https:\/\/pasaenmendoza.com\/index.php?rest_route=\/wp\/v2\/posts\/10295"}],"collection":[{"href":"https:\/\/pasaenmendoza.com\/index.php?rest_route=\/wp\/v2\/posts"}],"about":[{"href":"https:\/\/pasaenmendoza.com\/index.php?rest_route=\/wp\/v2\/types\/post"}],"author":[{"embeddable":true,"href":"https:\/\/pasaenmendoza.com\/index.php?rest_route=\/wp\/v2\/users\/2"}],"replies":[{"embeddable":true,"href":"https:\/\/pasaenmendoza.com\/index.php?rest_route=%2Fwp%2Fv2%2Fcomments&post=10295"}],"version-history":[{"count":1,"href":"https:\/\/pasaenmendoza.com\/index.php?rest_route=\/wp\/v2\/posts\/10295\/revisions"}],"predecessor-version":[{"id":10300,"href":"https:\/\/pasaenmendoza.com\/index.php?rest_route=\/wp\/v2\/posts\/10295\/revisions\/10300"}],"wp:featuredmedia":[{"embeddable":true,"href":"https:\/\/pasaenmendoza.com\/index.php?rest_route=\/wp\/v2\/media\/10297"}],"wp:attachment":[{"href":"https:\/\/pasaenmendoza.com\/index.php?rest_route=%2Fwp%2Fv2%2Fmedia&parent=10295"}],"wp:term":[{"taxonomy":"category","embeddable":true,"href":"https:\/\/pasaenmendoza.com\/index.php?rest_route=%2Fwp%2Fv2%2Fcategories&post=10295"},{"taxonomy":"post_tag","embeddable":true,"href":"https:\/\/pasaenmendoza.com\/index.php?rest_route=%2Fwp%2Fv2%2Ftags&post=10295"}],"curies":[{"name":"wp","href":"https:\/\/api.w.org\/{rel}","templated":true}]}}