{"id":10305,"date":"2024-11-27T13:23:16","date_gmt":"2024-11-27T12:23:16","guid":{"rendered":"https:\/\/pasaenmendoza.com\/?p=10305"},"modified":"2024-11-27T13:23:18","modified_gmt":"2024-11-27T12:23:18","slug":"caluroso-ventoso-y-con-alerta-por-zonda-asi-estara-el-tiempo-en-mendoza-este-miercoles","status":"publish","type":"post","link":"https:\/\/pasaenmendoza.com\/?p=10305","title":{"rendered":"Caluroso, ventoso y con alerta por Zonda: as\u00ed estar\u00e1 el tiempo en Mendoza este mi\u00e9rcoles"},"content":{"rendered":"\n<p>El&nbsp;<strong>mi\u00e9rcoles<\/strong>&nbsp;llega con \u201ctiempo bueno con poco cambio de la temperatura, vientos moderados del sudeste. Poco nuboso en cordillera\u201d.&nbsp;<strong>La m\u00ednima ser\u00e1 de 19 grados y la m\u00e1xima de 31.<\/strong><\/p>\n\n\n\n<p>Adem\u00e1s, el\u00a0<strong>Servicio Meteorol\u00f3gico Nacional<\/strong>\u00a0(SMN) emiti\u00f3 un alerta por Zonda en la zona baja de Malarg\u00fce. El fen\u00f3meno se registrar\u00e1 entre la tarde-noche de esta jornada.<\/p>\n\n\n\n<p>Para el&nbsp;<strong>jueves<\/strong>, la Direcci\u00f3n de Contingencias Clim\u00e1ticas indica: \u201cCaluroso y algo nublado con leve ascenso de la temperatura, vientos moderados del sudeste. Poco nuboso en cordillera\u201d.&nbsp;<strong>La m\u00ednima ser\u00e1 de 20 grados y la m\u00e1xima de 33.<\/strong><\/p>\n\n\n\n<p>En tanto, el\u00a0<strong>viernes<\/strong>\u00a0estar\u00e1 algo nublado con leve descenso de la temperatura, vientos moderados del sudeste. Poco nuboso en cordillera. La m\u00ednima ser\u00e1 de 20 grados y la m\u00e1xima de 31.<\/p>\n\n\n\n<p><strong>Fuente: www.elsol.com.ar<\/strong><\/p>\n","protected":false},"excerpt":{"rendered":"<p>El&nbsp;mi\u00e9rcoles&nbsp;llega con \u201ctiempo bueno con poco cambio de la temperatura, vientos moderados del sudeste. Poco nuboso en cordillera\u201d.&nbsp;La m\u00ednima ser\u00e1 de 19 grados y la m\u00e1xima de 31. Adem\u00e1s, el\u00a0Servicio Meteorol\u00f3gico Nacional\u00a0(SMN) emiti\u00f3 un alerta por Zonda en la zona baja de Malarg\u00fce. El fen\u00f3meno se registrar\u00e1 entre la tarde-noche de esta jornada. Para el&nbsp;jueves, [&hellip;]<\/p>\n","protected":false},"author":2,"featured_media":10306,"comment_status":"open","ping_status":"open","sticky":false,"template":"","format":"standard","meta":[],"categories":[52],"tags":[],"_links":{"self":[{"href":"https:\/\/pasaenmendoza.com\/index.php?rest_route=\/wp\/v2\/posts\/10305"}],"collection":[{"href":"https:\/\/pasaenmendoza.com\/index.php?rest_route=\/wp\/v2\/posts"}],"about":[{"href":"https:\/\/pasaenmendoza.com\/index.php?rest_route=\/wp\/v2\/types\/post"}],"author":[{"embeddable":true,"href":"https:\/\/pasaenmendoza.com\/index.php?rest_route=\/wp\/v2\/users\/2"}],"replies":[{"embeddable":true,"href":"https:\/\/pasaenmendoza.com\/index.php?rest_route=%2Fwp%2Fv2%2Fcomments&post=10305"}],"version-history":[{"count":1,"href":"https:\/\/pasaenmendoza.com\/index.php?rest_route=\/wp\/v2\/posts\/10305\/revisions"}],"predecessor-version":[{"id":10307,"href":"https:\/\/pasaenmendoza.com\/index.php?rest_route=\/wp\/v2\/posts\/10305\/revisions\/10307"}],"wp:featuredmedia":[{"embeddable":true,"href":"https:\/\/pasaenmendoza.com\/index.php?rest_route=\/wp\/v2\/media\/10306"}],"wp:attachment":[{"href":"https:\/\/pasaenmendoza.com\/index.php?rest_route=%2Fwp%2Fv2%2Fmedia&parent=10305"}],"wp:term":[{"taxonomy":"category","embeddable":true,"href":"https:\/\/pasaenmendoza.com\/index.php?rest_route=%2Fwp%2Fv2%2Fcategories&post=10305"},{"taxonomy":"post_tag","embeddable":true,"href":"https:\/\/pasaenmendoza.com\/index.php?rest_route=%2Fwp%2Fv2%2Ftags&post=10305"}],"curies":[{"name":"wp","href":"https:\/\/api.w.org\/{rel}","templated":true}]}}