{"id":10311,"date":"2024-11-27T13:33:34","date_gmt":"2024-11-27T12:33:34","guid":{"rendered":"https:\/\/pasaenmendoza.com\/?p=10311"},"modified":"2024-11-27T13:33:35","modified_gmt":"2024-11-27T12:33:35","slug":"allanamientos-masivos-en-el-barrio-santa-teresita-en-busqueda-de-armas-drogas-y-acusados-de-asesinato","status":"publish","type":"post","link":"https:\/\/pasaenmendoza.com\/?p=10311","title":{"rendered":"Allanamientos masivos en el barrio Santa Teresita en b\u00fasqueda de armas, drogas y acusados de asesinato"},"content":{"rendered":"\n<p>La orden lleg\u00f3 desde la Naci\u00f3n hace algunas semanas:&nbsp;<em>\u201cHay que hacer un operativo de alto impacto en Mendoza\u201d.&nbsp;<\/em>La expresaron autoridades nacionales a sus pares del Ministerio de Seguridad de la provincia. El objetivo:&nbsp;<strong>buscar armas, estupefacientes, homicidas, requisar domicilios y personas y trabajar en conjunto con otras fuerzas de seguridad&nbsp;<\/strong>para mostrar unidad a la hora de combatir el delito.<\/p>\n\n\n\n<p>De esta forma, la<mark>\u00a0Polic\u00eda de Mendoza, Polic\u00eda Federal, Gendarmer\u00eda y efectivos de la Polic\u00eda de Seguridad Aeroportuaria (PSA)<\/mark>\u00a0guiados por fiscales provinciales y federales, luego de la implementaci\u00f3n del C\u00f3digo Procesal Penal Federal a principios de agosto, participaron de diversas reuniones para ir armando el rompecabezas de la medida saturaci\u00f3n como parte de un plan estrat\u00e9gico de seguridad.<\/p>\n\n\n\n<p>La fecha del operativo in\u00e9dito fue variando con el paso de los d\u00edas hasta finalmente<strong>\u00a0se fij\u00f3 para este mi\u00e9rcoles 27 a partir de las 7<\/strong>\u00a0con la meta de irrumpir en 30 domicilios previamente marcados en uno de los barrios m\u00e1s conflictivos de todo Mendoza, el\u00a0<strong>Santa Teresita<\/strong>. A la hora citada, comenzaron las maniobras.<\/p>\n\n\n\n<h2 class=\"wp-block-heading\" id=\"h-el-despliegue-de-las-fuerzas-de-seguridad\">El despliegue de las fuerzas de seguridad<\/h2>\n\n\n\n<p>En un principio, una de las tareas se encomend\u00f3 a la Direcci\u00f3n de Investigaciones de Mendoza (PDI). Comenzaron las reuniones entre los distintos jefes del \u00e1rea y se potenci\u00f3 la b\u00fasqueda de expedientes sin resoluci\u00f3n total para dise\u00f1ar y organizar el megaoperativo con la Procuraci\u00f3n a cargo de Alejandro Gull\u00e9.<\/p>\n\n\n\n<p>Los jefes de las Unidades Fiscales de Robos y Hurtos y Homicidios, Mar\u00eda Paula Quiroga y Fernando Guzzo, respectivamente, requirieron las primeras tareas a los fiscales Juan Manuel Bancalari y Gustavo Pirrello para analizar los puntos en com\u00fan de una serie de causas y hacer una unificaci\u00f3n general. En algunas los hubo. En otras, no.<\/p>\n\n\n\n<p>Casos de robos y de asesinatos fueron el disparador para ir compactando el rompecabezas del las medidas desde el lado de la provincia. Luego se sumaron los polic\u00edas federales, gendarmes y la PSA y el fiscal federal Fernando Alcaraz, que\u00a0<strong>aportaron informaci\u00f3n sensible que ven\u00edan procesando por sucesos cometidos o investigados en la jurisdicci\u00f3n seleccionada<\/strong>.<\/p>\n\n\n\n<p>Tambi\u00e9n una serie de labores y seguimientos realizaron por la\u00a0<strong>Polic\u00eda contra el Narcotr\u00e1fico\u00a0<\/strong>(PCN) y sus colegas que trabajan casos de narcocriminalidad en la Polic\u00eda Federal sirvieron para marcar los domicilios e identificar a sospechosos.<\/p>\n\n\n\n<h2 class=\"wp-block-heading\" id=\"h-el-popular-barrio-santa-teresita\">El popular barrio Santa Teresita<\/h2>\n\n\n\n<p>Hab\u00eda que elegir un lugar de la zona metropolitana. Descartados el oeste de Godoy Cruz y la triple frontera con Maip\u00fa y Luj\u00e1n y el distrito El Algarrobal de Las Heras, escenarios que ya fueron allanados este a\u00f1o (el 12 de marzo y el 16 de mayo, respectivamente) en operativos con impacto social,&nbsp;<mark>optaron por otro de los barrios conflictivos de Las Heras, el Santa Teresita.<\/mark><\/p>\n\n\n\n<p>Ese suburbio es\u00a0<strong>cuna de barras de Hurac\u00e1n Las Heras, homicidas, asaltantes y narcomenudeo, principalmente con la banda Los Cavanis,<\/strong>\u00a0protagonista en los \u00faltimos a\u00f1os de balaceras con heridos, muertos e interminables guerras para ganar territorio.<\/p>\n\n\n\n<p>Este mi\u00e9rcoles por la ma\u00f1ana bien temprano, efectivos de las citadas fuerzas de seguridad llegaron al complejo comprendido entre calles \u00c1lvarez Condarco (este), Ameghino (norte), Libertad (sur) y Lencinas (hacia el oeste) y lo sitiaron para hacer efectivas las \u00f3rdenes previamente solicitadas a los jueces:&nbsp;<strong>allanaron 30 domicilios y escondites de delincuentes<\/strong>. Quince \u00f3rdenes fueron autorizadas por un juez provincial y la otra mitad por uno federal. En un principio, la idea era hacer 50 medidas.<\/p>\n\n\n\n<p>De esta forma, con el apoyo del GES e Infanter\u00eda, se metieron a los distintos domicilios de las manzanas A, B, C, G, I y L, entre otras, para intentar generar el impacto deseado. Previamente,\u00a0<strong>hab\u00edan sido marcados con la utilizando drones<\/strong>.<\/p>\n\n\n\n<p>Una de las causas elegidas para los allanamientos fue un caso de\u00a0<strong>asesinato ocurrido durante un asalto en febrero de este a\u00f1o sobre calle Lisandro Moyano<\/strong>. Se trata del ataque que termin\u00f3 con la vida de\u00a0<strong>Gabriel Ortiz Vilchez<\/strong>, padre de tres hijos y de 30 a\u00f1os.<\/p>\n\n\n\n<p>Ortiz Vilchez iniciaba su jornada laboral luego de unas vacaciones cuando fue abordado por un par de delincuentes mientras circulaba en bicicleta. Los sujetos buscaban el rodado y la mochila que llevaba.&nbsp;<mark>Le dieron un golpe en la cabeza con un elemento contundente y la v\u00edctima se desvaneci\u00f3 mientras se dirig\u00eda al Parque Industrial de Las Heras<\/mark>. Impact\u00f3 su cabeza contra el asfalto y falleci\u00f3 d\u00edas despu\u00e9s en el Hospital Italiano.<\/p>\n\n\n\n<p>La causa qued\u00f3 en manos de la fiscal de Homicidios\u00a0<strong>Claudia Alejandra R\u00edos<\/strong>. Un sospechoso fue detenido: se trata de\u00a0<strong>Kevin Ariel Vera Valdez<\/strong>, conocido como el\u00a0<em><strong>Costrita,\u00a0<\/strong><\/em>de 22 a\u00f1os. Justamente, tal como revel\u00f3\u00a0<em><strong>El Sol<\/strong><\/em>, este jueves por la ma\u00f1ana ser\u00e1 condenado a 20 a\u00f1os de c\u00e1rcel en un juicio abreviado. Confesar\u00e1 el hecho y recibir\u00e1 la pena por homicidio en ocasi\u00f3n de robo, siempre y cuando un juez homologue el acuerdo entre el Ministerio P\u00fablico y la defensa.<\/p>\n\n\n\n<p>La causa no est\u00e1 terminada,\u00a0<strong>debido a que el autor del golpe contra Ortiz Vilchez fue un menor de edad conocido como\u00a0<em>Franquito<\/em><\/strong>, primo del\u00a0<em>Costrita<\/em>. Nunca fue capturado y uno de objetivos de los investigadores este mi\u00e9rcoles era detenerlo durante los allanamientos masivos en el barrio Santa Teresita, donde se mov\u00eda y escond\u00eda junto con otros personajes y familiares del sector.<\/p>\n\n\n\n<p><strong>Fuente: www.elsol.com.ar<\/strong><\/p>\n","protected":false},"excerpt":{"rendered":"<p>La orden lleg\u00f3 desde la Naci\u00f3n hace algunas semanas:&nbsp;\u201cHay que hacer un operativo de alto impacto en Mendoza\u201d.&nbsp;La expresaron autoridades nacionales a sus pares del Ministerio de Seguridad de la provincia. El objetivo:&nbsp;buscar armas, estupefacientes, homicidas, requisar domicilios y personas y trabajar en conjunto con otras fuerzas de seguridad&nbsp;para mostrar unidad a la hora de [&hellip;]<\/p>\n","protected":false},"author":2,"featured_media":10312,"comment_status":"open","ping_status":"open","sticky":false,"template":"","format":"standard","meta":[],"categories":[48],"tags":[],"_links":{"self":[{"href":"https:\/\/pasaenmendoza.com\/index.php?rest_route=\/wp\/v2\/posts\/10311"}],"collection":[{"href":"https:\/\/pasaenmendoza.com\/index.php?rest_route=\/wp\/v2\/posts"}],"about":[{"href":"https:\/\/pasaenmendoza.com\/index.php?rest_route=\/wp\/v2\/types\/post"}],"author":[{"embeddable":true,"href":"https:\/\/pasaenmendoza.com\/index.php?rest_route=\/wp\/v2\/users\/2"}],"replies":[{"embeddable":true,"href":"https:\/\/pasaenmendoza.com\/index.php?rest_route=%2Fwp%2Fv2%2Fcomments&post=10311"}],"version-history":[{"count":1,"href":"https:\/\/pasaenmendoza.com\/index.php?rest_route=\/wp\/v2\/posts\/10311\/revisions"}],"predecessor-version":[{"id":10313,"href":"https:\/\/pasaenmendoza.com\/index.php?rest_route=\/wp\/v2\/posts\/10311\/revisions\/10313"}],"wp:featuredmedia":[{"embeddable":true,"href":"https:\/\/pasaenmendoza.com\/index.php?rest_route=\/wp\/v2\/media\/10312"}],"wp:attachment":[{"href":"https:\/\/pasaenmendoza.com\/index.php?rest_route=%2Fwp%2Fv2%2Fmedia&parent=10311"}],"wp:term":[{"taxonomy":"category","embeddable":true,"href":"https:\/\/pasaenmendoza.com\/index.php?rest_route=%2Fwp%2Fv2%2Fcategories&post=10311"},{"taxonomy":"post_tag","embeddable":true,"href":"https:\/\/pasaenmendoza.com\/index.php?rest_route=%2Fwp%2Fv2%2Ftags&post=10311"}],"curies":[{"name":"wp","href":"https:\/\/api.w.org\/{rel}","templated":true}]}}