{"id":10317,"date":"2024-11-27T21:37:08","date_gmt":"2024-11-27T20:37:08","guid":{"rendered":"https:\/\/pasaenmendoza.com\/?p=10317"},"modified":"2024-11-27T21:37:09","modified_gmt":"2024-11-27T20:37:09","slug":"alfredo-cornejo-viaja-a-bruselas-en-su-estreno-como-vicepresidente-de-la-mesa-del-cobre","status":"publish","type":"post","link":"https:\/\/pasaenmendoza.com\/?p=10317","title":{"rendered":"Alfredo Cornejo viaja a Bruselas en su estreno como vicepresidente de la Mesa del Cobre"},"content":{"rendered":"\n<p><strong>Alfredo Cornejo<\/strong>\u00a0fue designado vicepresidente de la\u00a0<strong>Mesa del Cobre<\/strong>, en la apertura de la cumbre minera que se desarrolla en Mendoza durante tres d\u00edas. El presidente ser\u00e1 el sanjuanino<strong>\u00a0Marcelo Orrego<\/strong>.<\/p>\n\n\n\n<p>Adem\u00e1s de ellos, la mesa qued\u00f3 formalmente conformada con\u00a0<strong>Carlos Sadir, de Jujuy; Ra\u00fal Jalil, de Catamarca; y Gustavo S\u00e1enz, de Salta<\/strong>. La firma del convenio se dio durante la cumbre, tras el panel que compartieron.<\/p>\n\n\n\n<p>Si bien ya vienen trabajando en conjunto desde hace meses, la primera \u201ctarea\u201d formal como Mesa del Cobre ya constituida ser\u00e1 la participaci\u00f3n en la\u00a0<strong>Raw Materials Week 2024<\/strong>, que se desarrollar\u00e1 en Bruselas, B\u00e9lgica, en la segunda semana de diciembre.<\/p>\n\n\n\n<h2 class=\"wp-block-heading\">Cornejo, de gira con la Mesa del Cobre<\/h2>\n\n\n\n<p>Uno de los objetivos de la&nbsp;<strong>Mesa del Cobre<\/strong>&nbsp;es que los cinco gobernadores que la conforman puedan traccionar juntos para atraer inversiones y fuentes de financiamiento para&nbsp;<strong>proyectos mineros cupr\u00edferos<\/strong>&nbsp;y obras de infraestructura comunes a las provincias parte.<\/p>\n\n\n\n<p>Y es por ello que, como parte de la Mesa del Cobre ya formalmente conformada, los gobernadores planearon viajar a la\u00a0<strong>Semana de los Minerales Cr\u00edticos<\/strong>\u00a0que se celebrar\u00e1 en B\u00e9lgica.<\/p>\n\n\n\n<p>La agenda de la feria comienza el lunes 9 de diciembre. All\u00ed se pondr\u00e1n en discusi\u00f3n proyectos de la Uni\u00f3n Europea que necesitan minerales cr\u00edticos como por ejemplo, el cobre, especialmente necesario para la transici\u00f3n energ\u00e9tica.<\/p>\n\n\n\n<p>La presencia argentina se har\u00e1 notar al d\u00eda siguiente, cuando est\u00e1 previsto una especie de&nbsp;<strong>cumbre Uni\u00f3n Europea- Argentina<\/strong>&nbsp;que conectar\u00e1 empresarios locales con las autoridades de las provincias de la Mesa del Cobre, entre ellas, Mendoza.<\/p>\n\n\n\n<p>Cornejo destac\u00f3 durante el panel de gobernadores en el hotel Hilton que justamente dar a conocer a Mendoza como una provincia minera, enfocada hoy especialmente en la exploraci\u00f3n de cobre, fue uno de los primeros desaf\u00edos a afrontar en el 2024. El otro, claro est\u00e1, es hacia adentro y sigue en proceso: lograr la necesaria conciencia social que apruebe los desarrollos en estas tierras.<\/p>\n\n\n\n<h2 class=\"wp-block-heading\">La Mesa del Cobre, de Bruselas a Bruselas<\/h2>\n\n\n\n<p>Fue justamente all\u00ed, en&nbsp;<strong>B\u00e9lgica<\/strong>, donde comenz\u00f3 a gestarse la&nbsp;<strong>Mesa del Cobre<\/strong>. De aquella misi\u00f3n comercial no particip\u00f3 Alfredo Cornejo pero los gobernadores de San Juan, Catamarca y Salta acordaron armar un espacio similar al de la Mesa del Litio, que ya funcionaba entre las dos \u00faltimas y Jujuy.<\/p>\n\n\n\n<p>Esa nueva Mesa del Cobre tom\u00f3 forma con una primera acta durante la feria minera que se desarroll\u00f3 en San Juan, en mayo de este a\u00f1o. Fue entonces cuando se sumaron Mendoza y Jujuy.<\/p>\n\n\n\n<p>Y se conform\u00f3 oficialmente este mi\u00e9rcoles, con la firma del convenio macro. Los gobernadores la consideraron una oportunidad para que en Argentina vuelva a producirse cobre, como se hace en&nbsp;<strong>Chile, en Per\u00fa, en China y en Estados Unidos<\/strong>. Esos son los ejemplos a seguir, dijo el presidente de la Mesa, Marcelo Orrego.<\/p>\n\n\n\n<p>Por lo pronto, las cinco provincias partes ya adhirieron al&nbsp;<strong>RIGI&nbsp;<\/strong>implementado en Naci\u00f3n para incentivar las grandes inversiones; y en Mendoza se avanz\u00f3 con la autorizaci\u00f3n para que 34 proyectos de exploraci\u00f3n inicien sus actividades cuanto antes.<\/p>\n\n\n\n<p>Mientras tanto,\u00a0otros 29, tambi\u00e9n de cobre, comenzaron su camino hacia lograr la Declaraci\u00f3n de Impacto Ambiental.<\/p>\n\n\n\n<p><strong>Fuente: www.diariouno.com.ar<\/strong><\/p>\n","protected":false},"excerpt":{"rendered":"<p>Alfredo Cornejo\u00a0fue designado vicepresidente de la\u00a0Mesa del Cobre, en la apertura de la cumbre minera que se desarrolla en Mendoza durante tres d\u00edas. El presidente ser\u00e1 el sanjuanino\u00a0Marcelo Orrego. Adem\u00e1s de ellos, la mesa qued\u00f3 formalmente conformada con\u00a0Carlos Sadir, de Jujuy; Ra\u00fal Jalil, de Catamarca; y Gustavo S\u00e1enz, de Salta. La firma del convenio se [&hellip;]<\/p>\n","protected":false},"author":2,"featured_media":10318,"comment_status":"open","ping_status":"open","sticky":false,"template":"","format":"standard","meta":[],"categories":[47],"tags":[],"_links":{"self":[{"href":"https:\/\/pasaenmendoza.com\/index.php?rest_route=\/wp\/v2\/posts\/10317"}],"collection":[{"href":"https:\/\/pasaenmendoza.com\/index.php?rest_route=\/wp\/v2\/posts"}],"about":[{"href":"https:\/\/pasaenmendoza.com\/index.php?rest_route=\/wp\/v2\/types\/post"}],"author":[{"embeddable":true,"href":"https:\/\/pasaenmendoza.com\/index.php?rest_route=\/wp\/v2\/users\/2"}],"replies":[{"embeddable":true,"href":"https:\/\/pasaenmendoza.com\/index.php?rest_route=%2Fwp%2Fv2%2Fcomments&post=10317"}],"version-history":[{"count":1,"href":"https:\/\/pasaenmendoza.com\/index.php?rest_route=\/wp\/v2\/posts\/10317\/revisions"}],"predecessor-version":[{"id":10319,"href":"https:\/\/pasaenmendoza.com\/index.php?rest_route=\/wp\/v2\/posts\/10317\/revisions\/10319"}],"wp:featuredmedia":[{"embeddable":true,"href":"https:\/\/pasaenmendoza.com\/index.php?rest_route=\/wp\/v2\/media\/10318"}],"wp:attachment":[{"href":"https:\/\/pasaenmendoza.com\/index.php?rest_route=%2Fwp%2Fv2%2Fmedia&parent=10317"}],"wp:term":[{"taxonomy":"category","embeddable":true,"href":"https:\/\/pasaenmendoza.com\/index.php?rest_route=%2Fwp%2Fv2%2Fcategories&post=10317"},{"taxonomy":"post_tag","embeddable":true,"href":"https:\/\/pasaenmendoza.com\/index.php?rest_route=%2Fwp%2Fv2%2Ftags&post=10317"}],"curies":[{"name":"wp","href":"https:\/\/api.w.org\/{rel}","templated":true}]}}