{"id":10320,"date":"2024-11-27T21:43:30","date_gmt":"2024-11-27T20:43:30","guid":{"rendered":"https:\/\/pasaenmendoza.com\/?p=10320"},"modified":"2024-11-27T21:47:15","modified_gmt":"2024-11-27T20:47:15","slug":"con-cornejo-los-gobernadores-aliados-le-marcaron-la-cancha-al-presupuesto-2025-de-milei","status":"publish","type":"post","link":"https:\/\/pasaenmendoza.com\/?p=10320","title":{"rendered":"Con Cornejo, los gobernadores aliados le marcaron la cancha al Presupuesto 2025 de Milei"},"content":{"rendered":"\n<p>Sin dejar de defender el equilibrio fiscal y la pauta de gastos como herramienta, los 10&nbsp;<strong>gobernadores<\/strong>&nbsp;de Juntos por el Cambio, incluso&nbsp;<strong>Alfredo Cornejo<\/strong>, le pusieron condiciones a la gesti\u00f3n Milei para aprobar el&nbsp;<strong>Presupuesto 2025<\/strong>. Lo hicieron exigi\u00e9ndole el<strong>&nbsp;&#8220;cumplimiento de la ley&#8221; en cuanto a la transferencia de fondos a sus jurisdicciones<\/strong>.<\/p>\n\n\n\n<p>&#8220;Tenemos la firme convicci\u00f3n de que el gobierno nacional debe contar con esta herramienta de gesti\u00f3n para consolidar la creciente confianza de los mercados, seguir avanzando en la lucha contra la inflaci\u00f3n, generar confianza en los inversores y, como corolario, crear puestos de trabajo en el sector privado&#8221;, introdujeron a trav\u00e9s de un escrito que se elabor\u00f3 este martes.<\/p>\n\n\n\n<p>El documento expone un diagn\u00f3stico de la situaci\u00f3n financiera de las provincias y c\u00f3mo afect\u00f3 a la gesti\u00f3n la&nbsp;<strong>ca\u00edda de la recaudaci\u00f3n<\/strong>, considerada &#8220;la mayor desde la vuelta de la democracia&#8221;. Asimismo, plantea la necesidad de&nbsp;<strong>&#8220;resolver asimetr\u00edas&#8221; en cuanto a la transferencia de fondos v\u00eda coparticipaci\u00f3n de impuestos.<\/strong><\/p>\n\n\n\n<p>Adem\u00e1s de Alfredo Cornejo, lo suscribieron sus vecinos, el sanjuanino Marcelo Orrego y el puntano Claudio Poggi. Tambi\u00e9n el gobernador de Santa Fe, Maximiliano Pullaro, junto a Carlos Sadir (Jujuy), Rogelio Frigerio (Entre R\u00edos), Leandro Zdero (Chaco), Ignacio Torres (Chubut), Gustavo Vald\u00e9s (Corrientes) y el jefe de Gobierno porte\u00f1o, Jorge Macri. No firm\u00f3 Mart\u00edn Llaryora (C\u00f3rdoba).<\/p>\n\n\n\n<p>A fines de octubre,&nbsp;<strong>Milei hab\u00eda recibido en primer t\u00e9rmino a los gobernadores del PRO para empezar a discutir el presupuesto<\/strong>. Luego ser\u00eda el turno de los radicales.<\/p>\n\n\n\n<h2 class=\"wp-block-heading\">Los deberes hechos<\/h2>\n\n\n\n<p>Para sostener el pedido colectivo, los mandatarios firmantes expusieron 4 aspectos:<\/p>\n\n\n\n<p><strong>Equilibrio sin asimetr\u00edas<\/strong><em>:<\/em>&nbsp;&#8220;Como hicimos durante 2024, le hemos manifestado a las autoridades nacionales nuestra predisposici\u00f3n a alcanzar<strong>&nbsp;un acuerdo que garantice el equilibrio fiscal<\/strong>, y que en simult\u00e1neo&nbsp;<strong>resuelva asimetr\u00edas y desigualdades<\/strong>&nbsp;en responsabilidades gubernamentales de las provincias y los recursos que les corresponden por ley&#8221;.<\/p>\n\n\n\n<p><strong>M\u00e1s funciones, menos fondos: &#8220;<\/strong>En el nuevo contexto,&nbsp;<strong>nos hemos hecho cargo de la totalidad de las \u00e1reas de gesti\u00f3n<\/strong>, pero&nbsp;<strong>no disponemos de los fondos que nos corresponden&nbsp;<\/strong>por ley. Dicho en otras palabras, no pedimos discrecionalidad, sino respeto, di\u00e1logo y respecto por la ley para cumplir con quienes mayoritariamente confiaron en nosotros en cada una de nuestras jurisdicciones&#8221;.<\/p>\n\n\n\n<p><strong>La mayor ca\u00edda de recaudaci\u00f3n desde 1983: &#8220;<\/strong>Este a\u00f1o para las provincias ha sido el peor en t\u00e9rminos de recaudaci\u00f3n y ca\u00edda de recursos desde el retorno de la democracia. A esto se suma que&nbsp;<strong>muchos de los gobernadores firmantes asumimos en diciembre del 2023 con herencias de administraciones que por d\u00e9cadas dilapidaron<\/strong>&nbsp;recursos de contribuyentes, situaci\u00f3n que nos oblig\u00f3 a hacer extremadamente cuidadosos y austeros con cada peso que ingresa a las arcas provinciales&#8221;.<\/p>\n\n\n\n<p><strong>Ajuste estilo Milei: &#8220;<\/strong>Apalancados en las medidas del presidente Milei,&nbsp;<strong>hemos hecho un fuerte ajuste fiscal, una baja sustancial del gasto pol\u00edtico y hemos eliminado privilegios<\/strong>&nbsp;de presupuestos provinciales que eran irracionales y no ten\u00edan justificaci\u00f3n. Esta es&nbsp;<strong>una batalla cultural<\/strong>&nbsp;que damos entre todos, y merece ser destacada ya que&nbsp;<strong>no hay antecedentes en la historia reciente donde el gobierno nacional y gran parte de los provinciales avanzan en la misma direcci\u00f3n&nbsp;<\/strong>por convicci\u00f3n&#8221;.<\/p>\n\n\n\n<h2 class=\"wp-block-heading\">Los 4 puntos de los gobernadores para el Presupuesto 2025<\/h2>\n\n\n\n<p>En base a ese diagn\u00f3stico, los gobernadores de JXC pidieron al Gobierno nacional &#8220;un acuerdo&#8221; para ser inclu\u00eddo en el Presupuesto 2025. Todo en base a otros 4 \u00edtems:<\/p>\n\n\n\n<p>1.&nbsp;<strong>Compensaci\u00f3n del Consenso Fiscal.<\/strong>&nbsp;&#8220;Desde el primer trimestre del 2023 y durante todo el 2024, el gobierno nacional ha actualizado las transferencias de la compensaci\u00f3n en un porcentaje inferior al determinado por ley, generando una deuda para las jurisdicciones beneficiarias que se incrementa mes a mes&#8221;.<\/p>\n\n\n\n<p>2.&nbsp;<strong>Cajas de Jubilaciones no transferidas.<\/strong>&nbsp;&#8220;Las provincias que conservan sus cajas previsionales aportan recursos a la ANSES, pero el gobierno nacional ha incumplido con la normativa que lo obliga a financiar las cajas deficitarias. Esto genera una situaci\u00f3n de inequidad fiscal entre las distintas provincias, afectando los sistemas previsionales, y generando un fuerte pasivo para los Tesoros Provinciales&#8221;.<\/p>\n\n\n\n<p>3.<strong>&nbsp;Impuesto a los Combustibles L\u00edquidos<\/strong>. &#8220;El gobierno&nbsp;<strong>recauda un impuesto coparticipable que tiene una serie de asignaciones espec\u00edficas para destinos discontinuados<\/strong>&nbsp;(subsidios al transporte urbano) o cuya ejecuci\u00f3n es poco clara. En este marco, dichas asignaciones espec\u00edficas&nbsp;<strong>deber\u00edan eliminarse para que se ejecuten en obras prioritarias de infraestructura o en subsidios provinciales al transporte p\u00fablico<\/strong>&nbsp;de pasajeros&#8221;.<\/p>\n\n\n\n<p>4.&nbsp;<strong>Menos aportes a la AFIP:&nbsp;<\/strong>&#8220;Con la eliminaci\u00f3n de los cargos jer\u00e1rquicos de la AFIP, solicitamos al gobierno nacional que se reduzca el aporte que realizan las provincias con sus recursos a los salarios y financiamiento de esa mega estructura ahora disuelta. Salvo a las provincias que no hayan convenido tal deducci\u00f3n o cuenten con fallo favorable&#8221;.<\/p>\n\n\n\n<h2 class=\"wp-block-heading\">Sin riesgo para el equilibrio fiscal<\/h2>\n\n\n\n<p>A sabiendas de que el equilibrio de las cuentas es palabra santa para Milei, los mandatarios le pusieron cifras a sus planteos de m\u00e1s fondos a cambio de avalar el Presupuesto.<\/p>\n\n\n\n<p>El c\u00e1lculo del impacto de las medidas solicitadas rondar\u00eda el 0,3 del PBI. Y a\u00fan as\u00ed advirtieron que &#8220;pueden ser f\u00e1cilmente&nbsp;<strong>compensadas por otros recortes o eliminaci\u00f3n de algunas de las excepciones impositivas que, en conjunto, alcanzan 3 puntos<\/strong>&#8220;.<\/p>\n\n\n\n<p>Pero para reforzar su postura, los 10 jefes de Gobiernos firmantes insistieron en remarcar que se trata de &#8220;reclamos que, por las leyes vigentes y las normas y pactos preexistentes entre la Naci\u00f3n y las provincias, deben ser atendidos. Creemos que la b\u00fasqueda de consensos es la salida a estas asimetr\u00edas, evitando as\u00ed la judicializaci\u00f3n de demandas por incumplimientos de la Naci\u00f3n&#8221;.<\/p>\n\n\n\n<p>Tampoco dejaron de advertir que la discusi\u00f3n con la Naci\u00f3n no es nueva y hasta ahora no han podido acercar posiciones.<\/p>\n\n\n\n<p>&#8220;<strong>El equilibrio fiscal es innegociable, tanto como el cumplimiento de la ley<\/strong>&#8220;, concluyeron a trav\u00e9s del documento conjunto.<\/p>\n\n\n\n<p><strong>Fuente: www.diariouno.com.ar<\/strong><\/p>\n","protected":false},"excerpt":{"rendered":"<p>Sin dejar de defender el equilibrio fiscal y la pauta de gastos como herramienta, los 10&nbsp;gobernadores&nbsp;de Juntos por el Cambio, incluso&nbsp;Alfredo Cornejo, le pusieron condiciones a la gesti\u00f3n Milei para aprobar el&nbsp;Presupuesto 2025. Lo hicieron exigi\u00e9ndole el&nbsp;&#8220;cumplimiento de la ley&#8221; en cuanto a la transferencia de fondos a sus jurisdicciones. &#8220;Tenemos la firme convicci\u00f3n de [&hellip;]<\/p>\n","protected":false},"author":2,"featured_media":10321,"comment_status":"open","ping_status":"open","sticky":false,"template":"","format":"standard","meta":[],"categories":[47],"tags":[],"_links":{"self":[{"href":"https:\/\/pasaenmendoza.com\/index.php?rest_route=\/wp\/v2\/posts\/10320"}],"collection":[{"href":"https:\/\/pasaenmendoza.com\/index.php?rest_route=\/wp\/v2\/posts"}],"about":[{"href":"https:\/\/pasaenmendoza.com\/index.php?rest_route=\/wp\/v2\/types\/post"}],"author":[{"embeddable":true,"href":"https:\/\/pasaenmendoza.com\/index.php?rest_route=\/wp\/v2\/users\/2"}],"replies":[{"embeddable":true,"href":"https:\/\/pasaenmendoza.com\/index.php?rest_route=%2Fwp%2Fv2%2Fcomments&post=10320"}],"version-history":[{"count":2,"href":"https:\/\/pasaenmendoza.com\/index.php?rest_route=\/wp\/v2\/posts\/10320\/revisions"}],"predecessor-version":[{"id":10326,"href":"https:\/\/pasaenmendoza.com\/index.php?rest_route=\/wp\/v2\/posts\/10320\/revisions\/10326"}],"wp:featuredmedia":[{"embeddable":true,"href":"https:\/\/pasaenmendoza.com\/index.php?rest_route=\/wp\/v2\/media\/10321"}],"wp:attachment":[{"href":"https:\/\/pasaenmendoza.com\/index.php?rest_route=%2Fwp%2Fv2%2Fmedia&parent=10320"}],"wp:term":[{"taxonomy":"category","embeddable":true,"href":"https:\/\/pasaenmendoza.com\/index.php?rest_route=%2Fwp%2Fv2%2Fcategories&post=10320"},{"taxonomy":"post_tag","embeddable":true,"href":"https:\/\/pasaenmendoza.com\/index.php?rest_route=%2Fwp%2Fv2%2Ftags&post=10320"}],"curies":[{"name":"wp","href":"https:\/\/api.w.org\/{rel}","templated":true}]}}