{"id":10323,"date":"2024-11-27T21:46:31","date_gmt":"2024-11-27T20:46:31","guid":{"rendered":"https:\/\/pasaenmendoza.com\/?p=10323"},"modified":"2024-11-27T21:46:32","modified_gmt":"2024-11-27T20:46:32","slug":"ya-se-puede-sacar-la-cedula-azul-digital-para-habilitar-a-terceros-y-se-hace-desde-la-app-mi-argentina","status":"publish","type":"post","link":"https:\/\/pasaenmendoza.com\/?p=10323","title":{"rendered":"Ya se puede sacar la c\u00e9dula azul digital para habilitar a terceros y se hace desde la app &#8220;Mi Argentina&#8221;"},"content":{"rendered":"\n<p>Este mi\u00e9rcoles se confirm\u00f3 c\u00f3mo se podr\u00e1\u00a0<strong>reemplazar la c\u00e9dula azul<\/strong>, la que ya no se emite desde hace tres cuatro meses. El Gobierno reglament\u00f3 la\u00a0<strong>implementaci\u00f3n digital\u00a0<\/strong>en la aplicaci\u00f3n &#8220;Mi Argentina&#8221;, mediante la disposici\u00f3n 343\/2024, publicada en el Bolet\u00edn Oficial. Esta documentaci\u00f3n acompa\u00f1a a la\u00a0licencia de conducir.<\/p>\n\n\n\n<p>La C\u00e9dula Azul digital permite que los titulares registrales habiliten a terceros para conducir sus veh\u00edculos de manera remota, con la idea de \u201csimplificar los tr\u00e1mites y promover la digitalizaci\u00f3n\u201d de la documentaci\u00f3n vehicular.<\/p>\n\n\n\n<p>Desde ahora los titulares registrales podr\u00e1n habilitar a un tercero para visualizar la C\u00e9dula de Identificaci\u00f3n Digital a trav\u00e9s de su perfil en la app, permitiendo el uso del veh\u00edculo dentro del pa\u00eds e incluso su egreso temporario al exterior.<\/p>\n\n\n\n<h2 class=\"wp-block-heading\">C\u00e9dula Azul digital: los cuatro pasos a seguir<\/h2>\n\n\n\n<ul>\n<li>Acceder a&nbsp;<strong>Mi Argentina<\/strong>&nbsp;en la secci\u00f3n \u201cMis veh\u00edculos\u201d.<\/li>\n\n\n\n<li>Seleccionar el dominio del veh\u00edculo registrado a su nombre.<\/li>\n\n\n\n<li>Elegir la opci\u00f3n \u201cHabilitar a conducir\u201d desde la c\u00e9dula vigente.<\/li>\n\n\n\n<li>Completar los datos del tercero (nombre, apellido y CUIT, CUIL o CDI).<\/li>\n<\/ul>\n\n\n\n<figure class=\"wp-block-image\"><img decoding=\"async\" src=\"https:\/\/media.diariouno.com.ar\/p\/12394f80d1d8a89930f1c9cb2f850663\/adjuntos\/298\/imagenes\/009\/450\/0009450969\/1200x0\/smart\/cedula-azula-pasosjpg.jpg\" alt=\"\" title=\"\"\/><\/figure>\n\n\n\n<p><strong>La c\u00e9dula azul digital tiene la misma validez que su anterior versi\u00f3n impresa,<\/strong>&nbsp;lo que \u201cfacilita el cumplimiento de las normativas de tr\u00e1nsito en el marco de la transformaci\u00f3n digital del sistema registral automotor\u201d.<\/p>\n\n\n\n<p>No obstante, se aclara que esta habilitaci\u00f3n no modifica la&nbsp;<strong>responsabilidad civil del titular registral<\/strong>&nbsp;por los da\u00f1os ocasionados con el veh\u00edculo.<\/p>\n\n\n\n<p>Seg\u00fan el Bolet\u00edn Oficial, &#8220;se destaca la eliminaci\u00f3n de la &#8216;C\u00e9dula de Identificaci\u00f3n para autorizado a conducir&#8217; en formato f\u00edsico y su reemplazo por una versi\u00f3n digital con vigencia indefinida&#8221;.<\/p>\n\n\n\n<h2 class=\"wp-block-heading\" id=\"cuando-entra-en-vigencia-la-cedula-azul-digital\">La C\u00e9dula Azul digital ya tiene vigencia<\/h2>\n\n\n\n<p>La medida rige desde este mi\u00e9rcoles. Se notificar\u00e1 a organismos clave como la&nbsp;<strong>Direcci\u00f3n Nacional de Migraciones<\/strong>, el&nbsp;<strong>Ministerio de Seguridad<\/strong>&nbsp;y la&nbsp;<strong>Agencia Nacional de Seguridad Vial<\/strong>, para garantizar su correcta implementaci\u00f3n.<\/p>\n\n\n\n<p>&#8220;Desde mayo, cualquier persona podr\u00e1 circular dentro del territorio de la Rep\u00fablica Argentina con la sola exhibici\u00f3n &#8211; f\u00edsica o digital- de la c\u00e9dula verde del titular del veh\u00edculo&#8221;, hab\u00eda informado la cartera de Justicia al emitir la disposici\u00f3n.<\/p>\n\n\n\n<p>El permiso se podr\u00e1 extender y revocar cuando el titular del veh\u00edculo lo determine, lo que simplifica las autorizaciones provisorias o temporales.<\/p>\n\n\n\n<p><strong>Fuente: www.diariouno.com.ar<\/strong><\/p>\n","protected":false},"excerpt":{"rendered":"<p>Este mi\u00e9rcoles se confirm\u00f3 c\u00f3mo se podr\u00e1\u00a0reemplazar la c\u00e9dula azul, la que ya no se emite desde hace tres cuatro meses. El Gobierno reglament\u00f3 la\u00a0implementaci\u00f3n digital\u00a0en la aplicaci\u00f3n &#8220;Mi Argentina&#8221;, mediante la disposici\u00f3n 343\/2024, publicada en el Bolet\u00edn Oficial. Esta documentaci\u00f3n acompa\u00f1a a la\u00a0licencia de conducir. La C\u00e9dula Azul digital permite que los titulares registrales [&hellip;]<\/p>\n","protected":false},"author":2,"featured_media":10324,"comment_status":"open","ping_status":"open","sticky":false,"template":"","format":"standard","meta":[],"categories":[50],"tags":[],"_links":{"self":[{"href":"https:\/\/pasaenmendoza.com\/index.php?rest_route=\/wp\/v2\/posts\/10323"}],"collection":[{"href":"https:\/\/pasaenmendoza.com\/index.php?rest_route=\/wp\/v2\/posts"}],"about":[{"href":"https:\/\/pasaenmendoza.com\/index.php?rest_route=\/wp\/v2\/types\/post"}],"author":[{"embeddable":true,"href":"https:\/\/pasaenmendoza.com\/index.php?rest_route=\/wp\/v2\/users\/2"}],"replies":[{"embeddable":true,"href":"https:\/\/pasaenmendoza.com\/index.php?rest_route=%2Fwp%2Fv2%2Fcomments&post=10323"}],"version-history":[{"count":1,"href":"https:\/\/pasaenmendoza.com\/index.php?rest_route=\/wp\/v2\/posts\/10323\/revisions"}],"predecessor-version":[{"id":10325,"href":"https:\/\/pasaenmendoza.com\/index.php?rest_route=\/wp\/v2\/posts\/10323\/revisions\/10325"}],"wp:featuredmedia":[{"embeddable":true,"href":"https:\/\/pasaenmendoza.com\/index.php?rest_route=\/wp\/v2\/media\/10324"}],"wp:attachment":[{"href":"https:\/\/pasaenmendoza.com\/index.php?rest_route=%2Fwp%2Fv2%2Fmedia&parent=10323"}],"wp:term":[{"taxonomy":"category","embeddable":true,"href":"https:\/\/pasaenmendoza.com\/index.php?rest_route=%2Fwp%2Fv2%2Fcategories&post=10323"},{"taxonomy":"post_tag","embeddable":true,"href":"https:\/\/pasaenmendoza.com\/index.php?rest_route=%2Fwp%2Fv2%2Ftags&post=10323"}],"curies":[{"name":"wp","href":"https:\/\/api.w.org\/{rel}","templated":true}]}}