{"id":10327,"date":"2024-11-27T21:51:27","date_gmt":"2024-11-27T20:51:27","guid":{"rendered":"https:\/\/pasaenmendoza.com\/?p=10327"},"modified":"2024-11-27T21:51:28","modified_gmt":"2024-11-27T20:51:28","slug":"noviembre-azul-prevencion-del-cancer-de-prostata-con-charlas-informativas-y-una-campana-comunitaria","status":"publish","type":"post","link":"https:\/\/pasaenmendoza.com\/?p=10327","title":{"rendered":"Noviembre Azul: prevenci\u00f3n del c\u00e1ncer de pr\u00f3stata con charlas informativas y una campa\u00f1a comunitaria"},"content":{"rendered":"\n<p>En el marco de\u00a0<strong>Noviembre Azul<\/strong>, mes dedicado a la<strong>\u00a0concientizaci\u00f3n sobre la prevenci\u00f3n del\u00a0c\u00e1ncer de pr\u00f3stata<\/strong>, los ediles de Luj\u00e1n de Cuyo han manifestado su compromiso con esta problem\u00e1tica que afecta a miles de hombres cada a\u00f1o. Bajo esta premisa, se han organizado dos importantes encuentros para fomentar el conocimiento y la detecci\u00f3n temprana de esta enfermedad, que han sido declarados de inter\u00e9s departamental por el Concejo Deliberante.<\/p>\n\n\n\n<p>El primero de ellos se realizar\u00e1 el pr\u00f3ximo\u00a0<strong>mi\u00e9rcoles\u00a04 de noviembre en el Centro de Salud 31 Dr. David Busana<\/strong>, durante toda la ma\u00f1ana, en donde especialistas brindar\u00e1n informaci\u00f3n esencial sobre factores de riesgo, signos de alerta y la importancia de los\u00a0chequeos m\u00e9dicos peri\u00f3dicos.<\/p>\n\n\n\n<figure class=\"wp-block-image\"><img decoding=\"async\" src=\"https:\/\/lujandecuyo.gob.ar\/wp-content\/uploads\/2024\/11\/FLYER-CANCER-DE-PROSTATA-02-1500x1500.jpg\" alt=\"\"\/><\/figure>\n\n\n\n<p>El segundo encuentro tendr\u00e1 lugar el&nbsp;<strong>6 de diciembre a las 9 hs en el SUM del Municipio de Luj\u00e1n de Cuyo<\/strong>, extendiendo el alcance de esta iniciativa y promoviendo la educaci\u00f3n continua sobre el cuidado de la salud masculina, en este caso especialmente en los empleados de la comuna con especialistas de Urocl\u00ednica.<\/p>\n\n\n\n<figure class=\"wp-block-image\"><img decoding=\"async\" src=\"https:\/\/lujandecuyo.gob.ar\/wp-content\/uploads\/2024\/11\/thumbnail_FLYER-CANCER-DE-PROSTATA-01-1500x1500.jpg\" alt=\"\"\/><\/figure>\n\n\n\n<p>Adem\u00e1s, como parte de la campa\u00f1a\u00a0<strong>Noviembre Azul<\/strong>, se invita a todos los comercios del departamento a vestir sus vidrieras con elementos en color azul durante el mes de noviembre. Esta acci\u00f3n busca sensibilizar a la comunidad sobre la<strong>\u00a0importancia de la prevenci\u00f3n\u00a0<\/strong>y sumar a todos los sectores en esta causa que salva vidas. Estas charlas, dirigidas tanto a la comunidad masculina como a sus familias, buscan derribar mitos y generar conciencia sobre la necesidad de realizar controles preventivos regulares, como el an\u00e1lisis de PSA (Ant\u00edgeno Prost\u00e1tico Espec\u00edfico) y el examen m\u00e9dico correspondiente, especialmente en hombres mayores de 50 a\u00f1os o con antecedentes familiares.<\/p>\n\n\n\n<p><strong>Fuente: www.diariomendoza.com.ar<\/strong><\/p>\n","protected":false},"excerpt":{"rendered":"<p>En el marco de\u00a0Noviembre Azul, mes dedicado a la\u00a0concientizaci\u00f3n sobre la prevenci\u00f3n del\u00a0c\u00e1ncer de pr\u00f3stata, los ediles de Luj\u00e1n de Cuyo han manifestado su compromiso con esta problem\u00e1tica que afecta a miles de hombres cada a\u00f1o. Bajo esta premisa, se han organizado dos importantes encuentros para fomentar el conocimiento y la detecci\u00f3n temprana de esta [&hellip;]<\/p>\n","protected":false},"author":2,"featured_media":10328,"comment_status":"open","ping_status":"open","sticky":false,"template":"","format":"standard","meta":[],"categories":[58],"tags":[],"_links":{"self":[{"href":"https:\/\/pasaenmendoza.com\/index.php?rest_route=\/wp\/v2\/posts\/10327"}],"collection":[{"href":"https:\/\/pasaenmendoza.com\/index.php?rest_route=\/wp\/v2\/posts"}],"about":[{"href":"https:\/\/pasaenmendoza.com\/index.php?rest_route=\/wp\/v2\/types\/post"}],"author":[{"embeddable":true,"href":"https:\/\/pasaenmendoza.com\/index.php?rest_route=\/wp\/v2\/users\/2"}],"replies":[{"embeddable":true,"href":"https:\/\/pasaenmendoza.com\/index.php?rest_route=%2Fwp%2Fv2%2Fcomments&post=10327"}],"version-history":[{"count":1,"href":"https:\/\/pasaenmendoza.com\/index.php?rest_route=\/wp\/v2\/posts\/10327\/revisions"}],"predecessor-version":[{"id":10329,"href":"https:\/\/pasaenmendoza.com\/index.php?rest_route=\/wp\/v2\/posts\/10327\/revisions\/10329"}],"wp:featuredmedia":[{"embeddable":true,"href":"https:\/\/pasaenmendoza.com\/index.php?rest_route=\/wp\/v2\/media\/10328"}],"wp:attachment":[{"href":"https:\/\/pasaenmendoza.com\/index.php?rest_route=%2Fwp%2Fv2%2Fmedia&parent=10327"}],"wp:term":[{"taxonomy":"category","embeddable":true,"href":"https:\/\/pasaenmendoza.com\/index.php?rest_route=%2Fwp%2Fv2%2Fcategories&post=10327"},{"taxonomy":"post_tag","embeddable":true,"href":"https:\/\/pasaenmendoza.com\/index.php?rest_route=%2Fwp%2Fv2%2Ftags&post=10327"}],"curies":[{"name":"wp","href":"https:\/\/api.w.org\/{rel}","templated":true}]}}