{"id":10333,"date":"2024-11-28T13:14:29","date_gmt":"2024-11-28T12:14:29","guid":{"rendered":"https:\/\/pasaenmendoza.com\/?p=10333"},"modified":"2024-11-28T13:14:30","modified_gmt":"2024-11-28T12:14:30","slug":"el-tiempo-en-mendoza-para-este-jueves-sube-la-temperatura-y-el-zonda-no-se-va","status":"publish","type":"post","link":"https:\/\/pasaenmendoza.com\/?p=10333","title":{"rendered":"El tiempo en Mendoza para este jueves: sube la temperatura y el Zonda no se va"},"content":{"rendered":"\n<p><strong>La temperatura m\u00e1xima para este jueves ser\u00e1 de 33 grados cent\u00edgrados<\/strong>, mientras que&nbsp;<strong>la m\u00ednima<\/strong>&nbsp;se mantendr\u00e1 en los valores de los \u00faltimos d\u00edas:&nbsp;<strong>18 grados cent\u00edgrados<\/strong>.<\/p>\n\n\n\n<p>El pron\u00f3stico de la\u00a0<strong>Direcci\u00f3n de Contingencias Clim\u00e1ticas<\/strong>\u00a0adelant\u00f3 que ser\u00e1 \u201c<em>caluroso y algo nublado con leve ascenso de la temperatura, vientos moderados del sudeste<\/em>\u201c.<\/p>\n\n\n\n<p><strong>El viento Zonda se sentir\u00e1 en Malarg\u00fce.<\/strong><\/p>\n\n\n\n<p>Aquellos que viajen a Chile por la ruta 7, se encontraron con que estar\u00e1 \u201c<em>poco nuboso en cordillera<\/em>\u201c.<\/p>\n\n\n\n<p><strong>Fuente: www.elsol.com.ar<\/strong><\/p>\n","protected":false},"excerpt":{"rendered":"<p>La temperatura m\u00e1xima para este jueves ser\u00e1 de 33 grados cent\u00edgrados, mientras que&nbsp;la m\u00ednima&nbsp;se mantendr\u00e1 en los valores de los \u00faltimos d\u00edas:&nbsp;18 grados cent\u00edgrados. El pron\u00f3stico de la\u00a0Direcci\u00f3n de Contingencias Clim\u00e1ticas\u00a0adelant\u00f3 que ser\u00e1 \u201ccaluroso y algo nublado con leve ascenso de la temperatura, vientos moderados del sudeste\u201c. El viento Zonda se sentir\u00e1 en Malarg\u00fce. Aquellos [&hellip;]<\/p>\n","protected":false},"author":2,"featured_media":10334,"comment_status":"open","ping_status":"open","sticky":false,"template":"","format":"standard","meta":[],"categories":[52],"tags":[],"_links":{"self":[{"href":"https:\/\/pasaenmendoza.com\/index.php?rest_route=\/wp\/v2\/posts\/10333"}],"collection":[{"href":"https:\/\/pasaenmendoza.com\/index.php?rest_route=\/wp\/v2\/posts"}],"about":[{"href":"https:\/\/pasaenmendoza.com\/index.php?rest_route=\/wp\/v2\/types\/post"}],"author":[{"embeddable":true,"href":"https:\/\/pasaenmendoza.com\/index.php?rest_route=\/wp\/v2\/users\/2"}],"replies":[{"embeddable":true,"href":"https:\/\/pasaenmendoza.com\/index.php?rest_route=%2Fwp%2Fv2%2Fcomments&post=10333"}],"version-history":[{"count":1,"href":"https:\/\/pasaenmendoza.com\/index.php?rest_route=\/wp\/v2\/posts\/10333\/revisions"}],"predecessor-version":[{"id":10335,"href":"https:\/\/pasaenmendoza.com\/index.php?rest_route=\/wp\/v2\/posts\/10333\/revisions\/10335"}],"wp:featuredmedia":[{"embeddable":true,"href":"https:\/\/pasaenmendoza.com\/index.php?rest_route=\/wp\/v2\/media\/10334"}],"wp:attachment":[{"href":"https:\/\/pasaenmendoza.com\/index.php?rest_route=%2Fwp%2Fv2%2Fmedia&parent=10333"}],"wp:term":[{"taxonomy":"category","embeddable":true,"href":"https:\/\/pasaenmendoza.com\/index.php?rest_route=%2Fwp%2Fv2%2Fcategories&post=10333"},{"taxonomy":"post_tag","embeddable":true,"href":"https:\/\/pasaenmendoza.com\/index.php?rest_route=%2Fwp%2Fv2%2Ftags&post=10333"}],"curies":[{"name":"wp","href":"https:\/\/api.w.org\/{rel}","templated":true}]}}