{"id":10343,"date":"2024-11-28T21:22:12","date_gmt":"2024-11-28T20:22:12","guid":{"rendered":"https:\/\/pasaenmendoza.com\/?p=10343"},"modified":"2024-11-28T21:22:12","modified_gmt":"2024-11-28T20:22:12","slug":"cinco-mendocinos-no-dieron-quorum-para-tratar-el-proyecto-que-impide-a-corruptos-ocupar-cargos-publicos","status":"publish","type":"post","link":"https:\/\/pasaenmendoza.com\/?p=10343","title":{"rendered":"Cinco mendocinos no dieron qu\u00f3rum para tratar el proyecto que impide a corruptos ocupar cargos p\u00fablicos"},"content":{"rendered":"\n<p>Los diputados mendocinos\u00a0<strong>\u00c1lvaro Mart\u00ednez\u00a0<\/strong>(LLA)<strong>, Lourdes Arrieta\u00a0<\/strong>(Fuerzas del Cielo<strong>), Adolfo Bermejo, Liliana Paponet y Mart\u00edn Aveiro\u00a0<\/strong>(UxP) no dieron qu\u00f3rum para debatir\u00a0<strong>Ficha Limpia<\/strong>, el proyecto que busca impedir que condenados por<strong>\u00a0delitos de corrupci\u00f3n<\/strong>\u00a0puedan presentarse a elecciones.<\/p>\n\n\n\n<p>En la sesi\u00f3n hubo denuncias sobre un posible<strong>&nbsp;pacto entre libertarios y kirchneristas<\/strong>&nbsp;para beneficiar a Cristina Kirchner.<\/p>\n\n\n\n<p>Este jueves hubo 116 legisladores sentados en su banca,&nbsp;<strong>13 menos de los 129 necesarios<\/strong>. En la sesi\u00f3n pasada, la del 20 de noviembre, el macrismo estuvo a solo un diputado de comenzar la sesi\u00f3n.<\/p>\n\n\n\n<p>Los\u00a0<strong>tres peronistas mendocinos<\/strong>\u00a0ya se hab\u00edan ausentado en la ocasi\u00f3n anterior y hab\u00edan justificado. En realidad\u00a0<strong>quer\u00edan votar a favor<\/strong>\u00a0del proyecto presentado por el PRO<strong>\u00a0pero sin dar qu\u00f3rum.\u00a0<\/strong>En tanto, Mart\u00ednez asegur\u00f3 que falt\u00f3 por un imprevisto personal.<\/p>\n\n\n\n<p>El diputado&nbsp;<strong>Nicol\u00e1s Massot<\/strong>, el segundo en importancia del bloque de Miguel Pichetto, denunci\u00f3 en la sesi\u00f3n la supuesta existencia de un &#8220;<strong>acuerdo del gobierno con los K<\/strong>&nbsp;para lograr la&nbsp;<strong>reelecci\u00f3n de Menem (<\/strong>Mart\u00edn, el presidente de la C\u00e1mara de Diputados) el mi\u00e9rcoles. Sabido hace d\u00edas y expresado con la complicidad de LLA para que no haya qu\u00f3rum hoy. La candidatura de Menem&nbsp;<strong>a cambio de la de CFK con ficha limpia como pantalla<\/strong>&#8220;.<\/p>\n\n\n\n<p>La agenda de la sesi\u00f3n inclu\u00eda, adem\u00e1s, un proyecto para reglamentar el<strong>&nbsp;voto en el exterior<\/strong>, una iniciativa para endurecer las penas en caso de&nbsp;<strong>reiterancia delictiva<\/strong>&nbsp;y la implementaci\u00f3n del<strong>&nbsp;juicio en ausencia.<\/strong><\/p>\n\n\n\n<h2 class=\"wp-block-heading\">La justificaci\u00f3n de Lourdes Arrieta, entre llanto<\/h2>\n\n\n\n<p><strong>Lourdes Arrieta<\/strong>, la diputada que entr\u00f3 al Congreso bajo el sello de La Libertad Avanza pero que a los pocos meses fue expulsada, dio un sentido discurso luego de no dar qu\u00f3rum. Arrieta aclar\u00f3: &#8220;Hoy vengo a poner la cara. Porque yo no di qu\u00f3rum pero eso&nbsp;<strong>no significa que sea enemiga del pueblo<\/strong>&#8220;.<\/p>\n\n\n\n<p>&#8220;Muchos te inventan causas, te meten pruebas falsas. Nadie se puso a pensar en las<strong>\u00a0pruebas inventadas por la inteligencia artificial<\/strong>&#8220;, justific\u00f3 su ausencia.<\/p>\n\n\n\n<p>&#8220;Yo creo que ac\u00e1 lo que tendr\u00edan que pensar es en el&nbsp;<strong>jubilado<\/strong>&nbsp;que quiere cobrar un poquito m\u00e1s. Son todos unos hip\u00f3critas y no me da verg\u00fcenza decirlo&#8221;, dijo la legisladora luego de largarse a llorar.<\/p>\n\n\n\n<p>Arrieta s\u00ed hab\u00eda dado qu\u00f3rum en la sesi\u00f3n pasada.<\/p>\n\n\n\n<h2 class=\"wp-block-heading\">Uno por uno, el resto de los diputados que se ausentaron de la sesi\u00f3n<\/h2>\n\n\n\n<p>Si bien fueron varios los bloques que tuvieron filtraciones, entre ellos, la&nbsp;<strong>Uni\u00f3n C\u00edvica Radical<\/strong>&nbsp;y&nbsp;<strong>Encuentro Federal<\/strong>, el oficialismo dej\u00f3 en claro con la acci\u00f3n que poco inter\u00e9s ten\u00eda en acompa\u00f1ar al PRO, su m\u00e1ximo aliado en la C\u00e1mara Baja.<\/p>\n\n\n\n<p>El\u00a0<strong>partido amarillo<\/strong>, que en el recinto conduce Cristian Ritondo,\u00a0<strong>tuvo solo tres bajas<\/strong>\u00a0sobre un total de 37, mientras que la UCR volvi\u00f3 a mostrar fisuras por el lado de los radicales m\u00e1s cercanos a Milei con dos.<\/p>\n\n\n\n<p>Entre los&nbsp;<strong>libertarios<\/strong>&nbsp;que no se sentaron en sus bancas fueron: Santiago Santurio, Marcela Pagano, Emilia Orozco, Pablo Ansaloni, Carolina P\u00edparo, Jos\u00e9 Peluc y Lorena Maczsyn.<\/p>\n\n\n\n<p>Por otro lado,&nbsp;<strong>Encuentro Federal<\/strong>, que lidera Miguel \u00c1ngel Pichetto, tuvo 9 presentes de 16, entre ellos, el propio Pichetto, Nicol\u00e1s Massot y Emilio Monz\u00f3, los popes del bloque.<\/p>\n\n\n\n<p><strong>Democracia para Siempre<\/strong>, el bloque de los radicales que dejaron la UCR que lidera Rodrigo De Loredo, aportaron dos ausencias.<\/p>\n\n\n\n<p>La no presencia de&nbsp;<strong>Uni\u00f3n por la Patria<\/strong>, la&nbsp;<strong>Izquierda<\/strong>&nbsp;e&nbsp;<strong>Innovaci\u00f3n Federal<\/strong>&nbsp;era ya una obviedad.<\/p>\n\n\n\n<h2 class=\"wp-block-heading\">El enojo de Mauricio Macri<\/h2>\n\n\n\n<p>El ex presidente y actual titular del PRO,&nbsp;<strong>Mauricio Macri<\/strong>, manifest\u00f3 tras la sesi\u00f3n su malestar por el tratamiento frustrado por segunda semana consecutiva de Ficha Limpia: &#8220;<strong>Con dirigentes corruptos no hay ning\u00fan futuro<\/strong>&#8220;.<\/p>\n\n\n\n<p>&#8220;Hoy, en la sesi\u00f3n de Ficha Limpia en la C\u00e1mara de Diputados, quedaron flotando preguntas inquietantes y profundas para el futuro de la Argentina&#8221;, inici\u00f3 el tuit del ex mandatario nacional horas despu\u00e9s de que la sesi\u00f3n promovida por su espacio no tuviera qu\u00f3rum.<\/p>\n\n\n\n<p>En esa l\u00ednea, se pregunt\u00f3: &#8220;<strong>\u00bfQueremos o no queremos un pa\u00eds sin corrupci\u00f3n?<\/strong>&nbsp;\u00bfDe verdad nos interesa que los corruptos condenados no puedan seguir ejerciendo cargos p\u00fablicos o queremos simular y usar esa debilidad como un instrumento de presi\u00f3n en otras negociaciones?&#8221;.<\/p>\n\n\n\n<p>A su vez, Macri, en tensi\u00f3n constante con el gobierno del presidente Javier Milei, pero a quien apoy\u00f3 de todos modos a lo largo del a\u00f1o en el Congreso de la Naci\u00f3n, insisti\u00f3 con otro interrogante: &#8220;<strong>\u00bfA alguien le importa la corrupci\u00f3n o ya estamos resignados?<\/strong>&#8220;.<\/p>\n\n\n\n<p>Para finalizar, el ex jefe de Estado afirm\u00f3 que &#8220;s\u00e9 que a una parte de la pol\u00edtica, incluso a una parte de la opini\u00f3n p\u00fablica, les puede parecer que hay cosas m\u00e1s urgentes.\u00a0<strong>Yo estoy convencido de que con dirigentes corruptos no hay ning\u00fan futuro<\/strong>&#8220;.<\/p>\n\n\n\n<p><strong>Fuente: www.diariouno.com.ar<\/strong><\/p>\n","protected":false},"excerpt":{"rendered":"<p>Los diputados mendocinos\u00a0\u00c1lvaro Mart\u00ednez\u00a0(LLA), Lourdes Arrieta\u00a0(Fuerzas del Cielo), Adolfo Bermejo, Liliana Paponet y Mart\u00edn Aveiro\u00a0(UxP) no dieron qu\u00f3rum para debatir\u00a0Ficha Limpia, el proyecto que busca impedir que condenados por\u00a0delitos de corrupci\u00f3n\u00a0puedan presentarse a elecciones. En la sesi\u00f3n hubo denuncias sobre un posible&nbsp;pacto entre libertarios y kirchneristas&nbsp;para beneficiar a Cristina Kirchner. Este jueves hubo 116 legisladores [&hellip;]<\/p>\n","protected":false},"author":2,"featured_media":10344,"comment_status":"open","ping_status":"open","sticky":false,"template":"","format":"standard","meta":[],"categories":[47],"tags":[],"_links":{"self":[{"href":"https:\/\/pasaenmendoza.com\/index.php?rest_route=\/wp\/v2\/posts\/10343"}],"collection":[{"href":"https:\/\/pasaenmendoza.com\/index.php?rest_route=\/wp\/v2\/posts"}],"about":[{"href":"https:\/\/pasaenmendoza.com\/index.php?rest_route=\/wp\/v2\/types\/post"}],"author":[{"embeddable":true,"href":"https:\/\/pasaenmendoza.com\/index.php?rest_route=\/wp\/v2\/users\/2"}],"replies":[{"embeddable":true,"href":"https:\/\/pasaenmendoza.com\/index.php?rest_route=%2Fwp%2Fv2%2Fcomments&post=10343"}],"version-history":[{"count":1,"href":"https:\/\/pasaenmendoza.com\/index.php?rest_route=\/wp\/v2\/posts\/10343\/revisions"}],"predecessor-version":[{"id":10345,"href":"https:\/\/pasaenmendoza.com\/index.php?rest_route=\/wp\/v2\/posts\/10343\/revisions\/10345"}],"wp:featuredmedia":[{"embeddable":true,"href":"https:\/\/pasaenmendoza.com\/index.php?rest_route=\/wp\/v2\/media\/10344"}],"wp:attachment":[{"href":"https:\/\/pasaenmendoza.com\/index.php?rest_route=%2Fwp%2Fv2%2Fmedia&parent=10343"}],"wp:term":[{"taxonomy":"category","embeddable":true,"href":"https:\/\/pasaenmendoza.com\/index.php?rest_route=%2Fwp%2Fv2%2Fcategories&post=10343"},{"taxonomy":"post_tag","embeddable":true,"href":"https:\/\/pasaenmendoza.com\/index.php?rest_route=%2Fwp%2Fv2%2Ftags&post=10343"}],"curies":[{"name":"wp","href":"https:\/\/api.w.org\/{rel}","templated":true}]}}