{"id":10346,"date":"2024-11-28T21:28:06","date_gmt":"2024-11-28T20:28:06","guid":{"rendered":"https:\/\/pasaenmendoza.com\/?p=10346"},"modified":"2024-11-28T21:28:07","modified_gmt":"2024-11-28T20:28:07","slug":"hay-demoras-de-4-horas-en-el-paso-a-chile-en-la-previa-del-black-friday","status":"publish","type":"post","link":"https:\/\/pasaenmendoza.com\/?p=10346","title":{"rendered":"Hay demoras de 4 horas en el paso a Chile en la previa del Black Friday"},"content":{"rendered":"\n<p>Luego de que en toda la semana el<strong>\u00a0paso a Chile\u00a0<\/strong>registrara un movimiento normal, casi sin esperas, este jueves por la tarde, las demoras en la aduana de Los Libertadores llegaron a las 4 horas. Esto ocurre en la previa del\u00a0<strong>Black Friday,<\/strong>\u00a0evento de compras que se desarrollar\u00e1 en el pa\u00eds vecino desde este viernes hasta el lunes.<\/p>\n\n\n\n<p>Del lado argentino las esperas en las primeras horas de la tarde, se reduc\u00edan a 20 minutos en el complejo Roque Carranza pero ya en territorio trasandino, en Los Libertadores, el tiempo de tardanza se increment\u00f3 a 240 minutos, es decir cuatro horas.<\/p>\n\n\n\n<p>En lo que va de la semana las demoras all\u00ed no hab\u00edan superado los 30 0 40 minutos pero se ahora incrementaron lo que ha causado preocupaci\u00f3n porque se estima que el flujo de veh\u00edculos que buscar\u00e1n pasar a Chile aumentar\u00e1 considerablemente, precisamente por el\u00a0<strong>Black Friday.<\/strong><\/p>\n\n\n\n<h2 class=\"wp-block-heading\"><strong>El mi\u00e9rcoles entraron y salieron 35 micros<\/strong><\/h2>\n\n\n\n<p>Ya el d\u00eda mi\u00e9rcoles hab\u00edan salido desde Mendoza 3.110 personas, un poco m\u00e1s que las que ingresaron que fueron 2.887. Los micros, de un lado y del otro, fueron la misma cantidad: 35.<\/p>\n\n\n\n<p>Por los cortes intermitentes para esta jornada el horario de circulaci\u00f3n fue programado de 8 a 24, de acuerdo con lo que inform\u00f3 la Coordinaci\u00f3n General del Paso Internacional Cristo Redentor.<\/p>\n\n\n\n<p>Viernes, s\u00e1bado y domingo el tr\u00e1nsito estar\u00e1 habilitado las 24 horas. Ya en\u00a0<strong>diciembre los cierres intermitentes<\/strong>\u00a0ser\u00e1n el\u00a0<strong>lunes 2, el martes 3, el mi\u00e9rcoles 4 y el jueves 5<\/strong>, y los \u00faltimos dos cortes previstos ser\u00e1n el\u00a0<strong>lunes 9 y el martes 10<\/strong>.<\/p>\n\n\n\n<h2 class=\"wp-block-heading\">El Black Friday en Chile<\/h2>\n\n\n\n<p>El evento de compras en&nbsp;<strong>Chile<\/strong>&nbsp;denominado&nbsp;<strong>Black Friday&nbsp;<\/strong>que antecede a la Navidad contar\u00e1 con la participaci\u00f3n de 2.100 tiendas y 562 sitios en internet que ofrecer\u00e1n sus productos con grandes descuentos.<\/p>\n\n\n\n<p>Dos mil cien tiendas f\u00edsicas y 562 sitios en internet participar\u00e1n del evento, el que se extender\u00e1 durante todo el fin de semana. Esta nueva versi\u00f3n de la jornada de consumo se suma al Cyber Day (mayo) y al Ciber Monday (septiembre), cuando las empresas tambi\u00e9n dispsieron de sus mejores descuentos a trav\u00e9s de sus plataformas digitales y en un tiempo limitado.<\/p>\n\n\n\n<p>Las empresas participantes se han separado en 20 categor\u00edas, en las que se clasifican los productos y servicios que ofrecen. Entre las m\u00e1s numerosas se encuentran\u00a0<strong>hogar (56), salud y belleza (57), vestuario y calzado (58), deporte y\u00a0<em>outdoor<\/em>\u00a0(41)\u00a0<\/strong>adem\u00e1s de otras tradicionales como\u00a0<strong>infantil (29), tecnolog\u00eda (36), alimentos (27), autom\u00f3viles (47), inmobiliario (16), entretenci\u00f3n (16), viajes y turismo (27).<\/strong><\/p>\n\n\n\n<p><strong>Fuente: www.diariouno.com.ar<\/strong><\/p>\n","protected":false},"excerpt":{"rendered":"<p>Luego de que en toda la semana el\u00a0paso a Chile\u00a0registrara un movimiento normal, casi sin esperas, este jueves por la tarde, las demoras en la aduana de Los Libertadores llegaron a las 4 horas. Esto ocurre en la previa del\u00a0Black Friday,\u00a0evento de compras que se desarrollar\u00e1 en el pa\u00eds vecino desde este viernes hasta el [&hellip;]<\/p>\n","protected":false},"author":2,"featured_media":10347,"comment_status":"open","ping_status":"open","sticky":false,"template":"","format":"standard","meta":[],"categories":[66],"tags":[],"_links":{"self":[{"href":"https:\/\/pasaenmendoza.com\/index.php?rest_route=\/wp\/v2\/posts\/10346"}],"collection":[{"href":"https:\/\/pasaenmendoza.com\/index.php?rest_route=\/wp\/v2\/posts"}],"about":[{"href":"https:\/\/pasaenmendoza.com\/index.php?rest_route=\/wp\/v2\/types\/post"}],"author":[{"embeddable":true,"href":"https:\/\/pasaenmendoza.com\/index.php?rest_route=\/wp\/v2\/users\/2"}],"replies":[{"embeddable":true,"href":"https:\/\/pasaenmendoza.com\/index.php?rest_route=%2Fwp%2Fv2%2Fcomments&post=10346"}],"version-history":[{"count":1,"href":"https:\/\/pasaenmendoza.com\/index.php?rest_route=\/wp\/v2\/posts\/10346\/revisions"}],"predecessor-version":[{"id":10348,"href":"https:\/\/pasaenmendoza.com\/index.php?rest_route=\/wp\/v2\/posts\/10346\/revisions\/10348"}],"wp:featuredmedia":[{"embeddable":true,"href":"https:\/\/pasaenmendoza.com\/index.php?rest_route=\/wp\/v2\/media\/10347"}],"wp:attachment":[{"href":"https:\/\/pasaenmendoza.com\/index.php?rest_route=%2Fwp%2Fv2%2Fmedia&parent=10346"}],"wp:term":[{"taxonomy":"category","embeddable":true,"href":"https:\/\/pasaenmendoza.com\/index.php?rest_route=%2Fwp%2Fv2%2Fcategories&post=10346"},{"taxonomy":"post_tag","embeddable":true,"href":"https:\/\/pasaenmendoza.com\/index.php?rest_route=%2Fwp%2Fv2%2Ftags&post=10346"}],"curies":[{"name":"wp","href":"https:\/\/api.w.org\/{rel}","templated":true}]}}