{"id":1036,"date":"2023-08-29T16:05:33","date_gmt":"2023-08-29T14:05:33","guid":{"rendered":"https:\/\/pasaenmendoza.com\/?p=1036"},"modified":"2023-08-29T16:05:34","modified_gmt":"2023-08-29T14:05:34","slug":"por-el-covid-de-omar-felix-el-debate-de-candidatos-en-san-rafael-paso-para-hoy-martes","status":"publish","type":"post","link":"https:\/\/pasaenmendoza.com\/?p=1036","title":{"rendered":"Por el Covid de Omar F\u00e9lix el debate de candidatos en San Rafael pas\u00f3 para hoy martes"},"content":{"rendered":"\n<p>Finalmente el debate de candidatos a intendente de\u00a0<strong>San Rafael\u00a0<\/strong>previsto para este lunes fue suspendido y se har\u00e1 hoy martes por la noche, por videollamada. No ser\u00e1 presencial porque el postulante del peronismo\u00a0Omar F\u00e9lix tiene Covid.<\/p>\n\n\n\n<p>Entre medio hubo un fuerte cruce en redes sociales por la intervenci\u00f3n de la candidata a vicegobernadora de<strong>&nbsp;Cambia Mendoza, Hebe Casado,<\/strong>&nbsp;quien sugiri\u00f3 que el representante del peronismo ten\u00eda miedo.<\/p>\n\n\n\n<p>F\u00e9lix asegur\u00f3 que estaba dispuesto a participar por v\u00eda zoom o si se lo ubicaba en alguna sala aislado en este debate previo a las elecciones generales sanrafaelinas del pr\u00f3ximo domingo.\u00a0<strong>El hermano del actual intendente competir\u00e1 en el comicio contra Abel Freidemberg,de Cambia Mendoza, y Rodolfo Bianchi, de Los Libertarios.<\/strong><\/p>\n\n\n\n<h2 class=\"wp-block-heading\">El debate ser\u00e1 hoy a las 20 hs<\/h2>\n\n\n\n<p>El Canal 6 de San Rafael que junto a la se\u00f1al TVA televisar\u00e1 el debate inform\u00f3 este lunes por la noche que&nbsp;<strong>&#8220;debido a que uno de los candidatos (Omar F\u00e9lix) est\u00e1 afectado de Covid, las autoridades de los canales han decidido suspender el debate hasta ma\u00f1ana martes&#8221;.<\/strong><\/p>\n\n\n\n<p>Tambi\u00e9n indic\u00f3 la emisora que&nbsp;<strong>&#8220;Abel Freidemberg y Rodolfo Bianchi aceptaron amablemente la decisi\u00f3n, dejando afuera toda suspicacia&#8221;.<\/strong><\/p>\n\n\n\n<p>&#8220;El pueblo quiere conocer a sus candidatos.<strong>\u00a0Es por eso que la presentaci\u00f3n de propuestas se har\u00e1 con los tres candidatos, en directo, a trav\u00e9s de videollamada.<\/strong>\u00a0Los invitamos a las 20:30, para seguir las alternativas de este debate con los candidatos por TVA San Rafael, CTC y Canal 6, en forma conjunta. Muchas gracias&#8221;, cierra el documento conocido en las \u00faltimas horas.<\/p>\n\n\n\n<p>La candidata a vicegobernadora de Cambia Mendoza y coterr\u00e1nea de F\u00e9lix, Hebe Casado, hab\u00eda publicado en las redes: \u201cMe imagino que va a hacer por zoom el debate, al cual mand\u00f3 a cambiar las preguntas 10 veces\u2026 O es el Covid con s\u00edntomas gastrointestinales y est\u00e1 con diarrea (cagazo, en castellano popular) En un debate Emir no puede hablar por Omar como ha venido haciendo en campa\u00f1a\u201d.<\/p>\n\n\n\n<p>Esa publicaci\u00f3n gener\u00f3 una ola de respuestas de dirigentes peronistas entre ellas la del presidente del bloque de diputados provinciales, Germ\u00e1n G\u00f3mez quien poste\u00f3:\u00a0<strong>&#8220;En una provincia de bien, deber\u00eda ser inadmisible que este personaje sea candidata a dirigir Mendoza junto a Cornejo. Bajeza, mediocridad y malicia, todo lo contrario a lo que la \u00e9tica m\u00e9dica le debe haber ense\u00f1ado&#8221;.<\/strong><\/p>\n\n\n\n<p><strong>Fuente: www.diariouno.com.ar<\/strong><\/p>\n","protected":false},"excerpt":{"rendered":"<p>Finalmente el debate de candidatos a intendente de\u00a0San Rafael\u00a0previsto para este lunes fue suspendido y se har\u00e1 hoy martes por la noche, por videollamada. No ser\u00e1 presencial porque el postulante del peronismo\u00a0Omar F\u00e9lix tiene Covid. Entre medio hubo un fuerte cruce en redes sociales por la intervenci\u00f3n de la candidata a vicegobernadora de&nbsp;Cambia Mendoza, Hebe [&hellip;]<\/p>\n","protected":false},"author":2,"featured_media":1037,"comment_status":"open","ping_status":"open","sticky":false,"template":"","format":"standard","meta":[],"categories":[47],"tags":[],"_links":{"self":[{"href":"https:\/\/pasaenmendoza.com\/index.php?rest_route=\/wp\/v2\/posts\/1036"}],"collection":[{"href":"https:\/\/pasaenmendoza.com\/index.php?rest_route=\/wp\/v2\/posts"}],"about":[{"href":"https:\/\/pasaenmendoza.com\/index.php?rest_route=\/wp\/v2\/types\/post"}],"author":[{"embeddable":true,"href":"https:\/\/pasaenmendoza.com\/index.php?rest_route=\/wp\/v2\/users\/2"}],"replies":[{"embeddable":true,"href":"https:\/\/pasaenmendoza.com\/index.php?rest_route=%2Fwp%2Fv2%2Fcomments&post=1036"}],"version-history":[{"count":1,"href":"https:\/\/pasaenmendoza.com\/index.php?rest_route=\/wp\/v2\/posts\/1036\/revisions"}],"predecessor-version":[{"id":1038,"href":"https:\/\/pasaenmendoza.com\/index.php?rest_route=\/wp\/v2\/posts\/1036\/revisions\/1038"}],"wp:featuredmedia":[{"embeddable":true,"href":"https:\/\/pasaenmendoza.com\/index.php?rest_route=\/wp\/v2\/media\/1037"}],"wp:attachment":[{"href":"https:\/\/pasaenmendoza.com\/index.php?rest_route=%2Fwp%2Fv2%2Fmedia&parent=1036"}],"wp:term":[{"taxonomy":"category","embeddable":true,"href":"https:\/\/pasaenmendoza.com\/index.php?rest_route=%2Fwp%2Fv2%2Fcategories&post=1036"},{"taxonomy":"post_tag","embeddable":true,"href":"https:\/\/pasaenmendoza.com\/index.php?rest_route=%2Fwp%2Fv2%2Ftags&post=1036"}],"curies":[{"name":"wp","href":"https:\/\/api.w.org\/{rel}","templated":true}]}}