{"id":10361,"date":"2024-11-29T14:17:42","date_gmt":"2024-11-29T13:17:42","guid":{"rendered":"https:\/\/pasaenmendoza.com\/?p=10361"},"modified":"2024-11-29T14:17:43","modified_gmt":"2024-11-29T13:17:43","slug":"crimen-en-godoy-cruz-fallecio-la-joven-que-fue-baleada-este-jueves","status":"publish","type":"post","link":"https:\/\/pasaenmendoza.com\/?p=10361","title":{"rendered":"Crimen en Godoy Cruz: falleci\u00f3 la joven que fue baleada este jueves"},"content":{"rendered":"\n<p>Horas despu\u00e9s de recibir un balazo en la cabeza y de quedar en grave estado, muri\u00f3 la joven de 25 a\u00f1os que fue atacada en el Oeste de Godoy Cruz. Se cree que la v\u00edctima qued\u00f3 en medio de un tiroteo y que nada ten\u00eda que ver en el conflicto, mientras en la misma tarde del jueves fue detenido un\u00a0menor de 15 a\u00f1os por el hecho.\u00a0<\/p>\n\n\n\n<p>G.B, identificaci\u00f3n oficial por el momento, falleci\u00f3 en la madrugada de este viernes en el Hospital Central, luego de una cirug\u00eda y de que le diagnosticaran muerte cerebral. Primero\u00a0hab\u00eda llegado al Hospital El Carmen con\u00a0una herida de arma de fuego en el cr\u00e1neo, cuyo proyectil gener\u00f3 orificio de entrada pero no de salida. Posteriormente fue derivada al otro nosocomio.\u00a0<\/p>\n\n\n\n<p>Esta mujer fue atacada cerca de su casa, en Jacarand\u00e1 y&nbsp;Chuquisaca del barrio jard\u00edn Victoria, durante una pelea entre conocidos de la zona. Las primeras informaciones dan cuenta de que su pareja y su cu\u00f1ado estar\u00edan involucrados en el conflicto, y que ella era testigo de lo que suced\u00eda.&nbsp;<\/p>\n\n\n\n<p>Minutos despu\u00e9s de ser baleada y trasladada en un veh\u00edculo particular al efector, la Polic\u00eda aprehendi\u00f3 al se\u00f1alado adolescente en momentos en que se ocultaba arriba de un techo.\u00a0<\/p>\n\n\n\n<p>En tanto, en una vivienda de esa barriada de Godoy Cruz los efectivos encontraron una pistola calibre 9 mil\u00edmetros que podr\u00eda haber sido utilizada en el homicidio.&nbsp;<\/p>\n\n\n\n<p>La investigaci\u00f3n por el crimen est\u00e1 a cargo del fiscal Carlos Torres.\u00a0<\/p>\n\n\n\n<p><strong>Fuente: www.mdzol.com<\/strong><\/p>\n","protected":false},"excerpt":{"rendered":"<p>Horas despu\u00e9s de recibir un balazo en la cabeza y de quedar en grave estado, muri\u00f3 la joven de 25 a\u00f1os que fue atacada en el Oeste de Godoy Cruz. Se cree que la v\u00edctima qued\u00f3 en medio de un tiroteo y que nada ten\u00eda que ver en el conflicto, mientras en la misma tarde [&hellip;]<\/p>\n","protected":false},"author":2,"featured_media":10362,"comment_status":"open","ping_status":"open","sticky":false,"template":"","format":"standard","meta":[],"categories":[48],"tags":[],"_links":{"self":[{"href":"https:\/\/pasaenmendoza.com\/index.php?rest_route=\/wp\/v2\/posts\/10361"}],"collection":[{"href":"https:\/\/pasaenmendoza.com\/index.php?rest_route=\/wp\/v2\/posts"}],"about":[{"href":"https:\/\/pasaenmendoza.com\/index.php?rest_route=\/wp\/v2\/types\/post"}],"author":[{"embeddable":true,"href":"https:\/\/pasaenmendoza.com\/index.php?rest_route=\/wp\/v2\/users\/2"}],"replies":[{"embeddable":true,"href":"https:\/\/pasaenmendoza.com\/index.php?rest_route=%2Fwp%2Fv2%2Fcomments&post=10361"}],"version-history":[{"count":1,"href":"https:\/\/pasaenmendoza.com\/index.php?rest_route=\/wp\/v2\/posts\/10361\/revisions"}],"predecessor-version":[{"id":10363,"href":"https:\/\/pasaenmendoza.com\/index.php?rest_route=\/wp\/v2\/posts\/10361\/revisions\/10363"}],"wp:featuredmedia":[{"embeddable":true,"href":"https:\/\/pasaenmendoza.com\/index.php?rest_route=\/wp\/v2\/media\/10362"}],"wp:attachment":[{"href":"https:\/\/pasaenmendoza.com\/index.php?rest_route=%2Fwp%2Fv2%2Fmedia&parent=10361"}],"wp:term":[{"taxonomy":"category","embeddable":true,"href":"https:\/\/pasaenmendoza.com\/index.php?rest_route=%2Fwp%2Fv2%2Fcategories&post=10361"},{"taxonomy":"post_tag","embeddable":true,"href":"https:\/\/pasaenmendoza.com\/index.php?rest_route=%2Fwp%2Fv2%2Ftags&post=10361"}],"curies":[{"name":"wp","href":"https:\/\/api.w.org\/{rel}","templated":true}]}}