{"id":10364,"date":"2024-11-29T22:02:20","date_gmt":"2024-11-29T21:02:20","guid":{"rendered":"https:\/\/pasaenmendoza.com\/?p=10364"},"modified":"2024-11-29T22:02:21","modified_gmt":"2024-11-29T21:02:21","slug":"macabro-hallaron-un-craneo-humano-en-una-obra-en-construccion-de-guaymallen","status":"publish","type":"post","link":"https:\/\/pasaenmendoza.com\/?p=10364","title":{"rendered":"Macabro: hallaron un cr\u00e1neo humano en una obra en construcci\u00f3n de Guaymall\u00e9n"},"content":{"rendered":"\n<p>Alba\u00f1iles encontraron un cr\u00e1neo humano la ma\u00f1ana de este viernes en una obra en construcci\u00f3n de&nbsp;<strong>Guaymall\u00e9n<\/strong>. Los restos se encontraban enterrados y fueron descubiertos durante una excavaci\u00f3n en el terreno.<\/p>\n\n\n\n<p>A ra\u00edz del descubrimiento, se inici\u00f3 un expediente en el que tom\u00f3 intervenci\u00f3n el&nbsp;<strong>fiscal de Homicidios Carlos Torres<\/strong>. Adem\u00e1s, en la escena se hicieron presentes&nbsp;<strong>peritos policiales y antrop\u00f3logos<\/strong>, que iniciaron las labores determinar el origen de los restos.<\/p>\n\n\n\n<p>La informaci\u00f3n policial sostiene que alrededor de las 11 un llamado a la<strong>\u00a0l\u00ednea de emergencias 911\u00a0<\/strong>alert\u00f3 sobre el hallazgo de\u00a0<strong>restos \u00f3seos<\/strong>\u00a0en un predio donde empezaron a construir una serie de locales comerciales, en una esquina de\u00a0<strong>calles Avellaneda y Godoy Cruz.<\/strong><\/p>\n\n\n\n<p>Frente a eso, efectivos de la jurisdicci\u00f3n se desplazaron hasta el lugar para constatar la situaci\u00f3n y entrevistaron a los obreros, quienes les exhibieron el&nbsp;<strong>cr\u00e1neo humano<\/strong>&nbsp;que encontraron mientras cavaban un pozo para instalar las columnas de la edificaci\u00f3n.<\/p>\n\n\n\n<p>Posteriormente, por disposici\u00f3n de la Justicia se iniciaron en el interior de la obra los primeros trabajos por parte de la\u00a0<strong>Polic\u00eda Cient\u00edfica<\/strong>\u00a0y de\u00a0<strong>Antropolog\u00eda Forense<\/strong>\u00a0.Luego trasladaron los restos para avanzar con estudios y an\u00e1lisis que permitir\u00e1n establecer cu\u00e1nto tiempo llevaba en ese lugar y su origen.<\/p>\n\n\n\n<p><strong>Fuente: www.elsol.com.ar<\/strong><\/p>\n","protected":false},"excerpt":{"rendered":"<p>Alba\u00f1iles encontraron un cr\u00e1neo humano la ma\u00f1ana de este viernes en una obra en construcci\u00f3n de&nbsp;Guaymall\u00e9n. Los restos se encontraban enterrados y fueron descubiertos durante una excavaci\u00f3n en el terreno. A ra\u00edz del descubrimiento, se inici\u00f3 un expediente en el que tom\u00f3 intervenci\u00f3n el&nbsp;fiscal de Homicidios Carlos Torres. Adem\u00e1s, en la escena se hicieron presentes&nbsp;peritos [&hellip;]<\/p>\n","protected":false},"author":2,"featured_media":10365,"comment_status":"open","ping_status":"open","sticky":false,"template":"","format":"standard","meta":[],"categories":[48],"tags":[],"_links":{"self":[{"href":"https:\/\/pasaenmendoza.com\/index.php?rest_route=\/wp\/v2\/posts\/10364"}],"collection":[{"href":"https:\/\/pasaenmendoza.com\/index.php?rest_route=\/wp\/v2\/posts"}],"about":[{"href":"https:\/\/pasaenmendoza.com\/index.php?rest_route=\/wp\/v2\/types\/post"}],"author":[{"embeddable":true,"href":"https:\/\/pasaenmendoza.com\/index.php?rest_route=\/wp\/v2\/users\/2"}],"replies":[{"embeddable":true,"href":"https:\/\/pasaenmendoza.com\/index.php?rest_route=%2Fwp%2Fv2%2Fcomments&post=10364"}],"version-history":[{"count":1,"href":"https:\/\/pasaenmendoza.com\/index.php?rest_route=\/wp\/v2\/posts\/10364\/revisions"}],"predecessor-version":[{"id":10366,"href":"https:\/\/pasaenmendoza.com\/index.php?rest_route=\/wp\/v2\/posts\/10364\/revisions\/10366"}],"wp:featuredmedia":[{"embeddable":true,"href":"https:\/\/pasaenmendoza.com\/index.php?rest_route=\/wp\/v2\/media\/10365"}],"wp:attachment":[{"href":"https:\/\/pasaenmendoza.com\/index.php?rest_route=%2Fwp%2Fv2%2Fmedia&parent=10364"}],"wp:term":[{"taxonomy":"category","embeddable":true,"href":"https:\/\/pasaenmendoza.com\/index.php?rest_route=%2Fwp%2Fv2%2Fcategories&post=10364"},{"taxonomy":"post_tag","embeddable":true,"href":"https:\/\/pasaenmendoza.com\/index.php?rest_route=%2Fwp%2Fv2%2Ftags&post=10364"}],"curies":[{"name":"wp","href":"https:\/\/api.w.org\/{rel}","templated":true}]}}