{"id":10367,"date":"2024-11-29T22:06:13","date_gmt":"2024-11-29T21:06:13","guid":{"rendered":"https:\/\/pasaenmendoza.com\/?p=10367"},"modified":"2024-11-29T22:06:13","modified_gmt":"2024-11-29T21:06:13","slug":"mato-a-un-zorrito-en-potrerillos-y-la-justicia-le-fijo-normas-de-conducta-por-dos-anos","status":"publish","type":"post","link":"https:\/\/pasaenmendoza.com\/?p=10367","title":{"rendered":"Mat\u00f3 a un zorrito en Potrerillos y la Justicia le fij\u00f3 normas de conducta por dos a\u00f1os"},"content":{"rendered":"\n<p>Un hombre de 38 a\u00f1os acusado de balear y matar a un zorro en\u00a0<strong>Potrerillos<\/strong>\u00a0en el 2022, recibi\u00f3 una suspensi\u00f3n de juicio a prueba pero debe cumplir normas de conductas impuestas por la Justicia durante dos a\u00f1os. Le exigieron realizar tratamiento psicol\u00f3gico, no utilizar armas de fuego y realizar capacitaciones sobre fauna silvestre en la<strong>\u00a0Fundaci\u00f3n Cullunche<\/strong>. Los denunciantes indicaron que esto sent\u00f3 un precedente en\u00a0<strong>Mendoza<\/strong>.<\/p>\n\n\n\n<p>Se trata de un caso ocurrido el 17 de mayo del 2022 cuando\u00a0<strong>Mart\u00edn D\u00edaz Durso<\/strong>\u00a0le dispar\u00f3 cuatro veces con un aire comprimido a un zorro gris en la Avenida Los C\u00f3ndores, de El Salto, en\u00a0<strong>Potrerillos<\/strong>. El animal era silvestre pero era conocido por todos los vecinos de la zona que lo hab\u00edan llamado\u00a0<strong>Juancho<\/strong>. Todos los d\u00edas el animal pasaba por los jardines de las casas de esa zona, y era cuidado por todos.<\/p>\n\n\n\n<p>El hombre fue&nbsp;<strong>denunciado&nbsp;<\/strong>en la Justicia por dos vecinos, uno de ellos testigo directo del momento en que<strong>&nbsp;D\u00edaz Durso&nbsp;<\/strong>le&nbsp;<strong>dispar\u00f3 cuatro veces&nbsp;<\/strong>y el animal muri\u00f3 por las heridas causadas en el coraz\u00f3n, en la columna, en la mand\u00edbula y en una pata.<\/p>\n\n\n\n<p>El fiscal de Delitos Correccionales&nbsp;<strong>Gustavo Stroppiana&nbsp;<\/strong>acus\u00f3 al hombre de 38 a\u00f1os por el delito de violaci\u00f3n de a la&nbsp;<strong>ley de Fauna Silvestre de Mendoza<\/strong>, que prev\u00e9 una pena de hasta 4 a\u00f1os.<\/p>\n\n\n\n<p>Despu\u00e9s de dos a\u00f1os de investigaci\u00f3n, la defensa del acusado pidi\u00f3 una\u00a0<strong>suspensi\u00f3n de juicio a prueba<\/strong>, es decir que no reciba una condena. Esto fue aceptado por el fiscal Stroppiana, pero con la condici\u00f3n que el hombre quede sujeto a reglas de conducta que debe cumplir al pie de la letra durante dos a\u00f1os. En el caso de no cumplirlas su situaci\u00f3n procesal se complicar\u00e1.<\/p>\n\n\n\n<h2 class=\"wp-block-heading\">Las reglas para quien mat\u00f3 al zorro Juancho en Potrerillos<\/h2>\n\n\n\n<p>En la audiencia realizada el 19 de noviembre pasado la Justicia indic\u00f3 que D\u00edaz Durso tiene&nbsp;<strong>prohibido manipular de armas de fuego<\/strong>&nbsp;o elementos para la caza de animales de la fauna silvestre.<\/p>\n\n\n\n<p>Realizar\u00a0<strong>tratamiento psicol\u00f3gico y\/o psiqui\u00e1trico<\/strong>. Debe presentar un certificado que indique que inici\u00f3 tratamiento o un certificado que d\u00e9 cuenta de que no ser\u00eda necesario la realizaci\u00f3n del mismo. En caso que s\u00ed lo inicie, tiene que entregar certificados cada cuatro meses que indiquen su continuaci\u00f3n hasta que obtenga el alta o hasta el cumplimiento de los dos a\u00f1os.<\/p>\n\n\n\n<p>Adem\u00e1s, debe hacer una capacitaci\u00f3n en la&nbsp;<strong>Fundaci\u00f3n Cullunche<\/strong>&nbsp;sobre flora y fauna, especialmente sobre las legislaciones existentes y los detalles de lo que no se puede hacer con los animales silvestres.<\/p>\n\n\n\n<p>Tambi\u00e9n debe fijar y mantener el domicilio donde vive, y avisar cualquier cambio que realice, presentarse a todas las citaciones que le hagan y no cometer nuevos delitos. En caso que no cumpla con alguna de estas reglas le pueden\u00a0<strong>revocar la suspensi\u00f3n a juicio\u00a0<\/strong>otorgada, disponer la realizaci\u00f3n de un juicio oral y p\u00fablico, y en el caso de recibir una condena esta podr\u00eda ser de\u00a0<strong>cumplimiento en la c\u00e1rcel<\/strong>.<\/p>\n\n\n\n<p><strong>Fuente: www.diariouno.com.ar<\/strong><\/p>\n","protected":false},"excerpt":{"rendered":"<p>Un hombre de 38 a\u00f1os acusado de balear y matar a un zorro en\u00a0Potrerillos\u00a0en el 2022, recibi\u00f3 una suspensi\u00f3n de juicio a prueba pero debe cumplir normas de conductas impuestas por la Justicia durante dos a\u00f1os. Le exigieron realizar tratamiento psicol\u00f3gico, no utilizar armas de fuego y realizar capacitaciones sobre fauna silvestre en la\u00a0Fundaci\u00f3n Cullunche. [&hellip;]<\/p>\n","protected":false},"author":2,"featured_media":10368,"comment_status":"open","ping_status":"open","sticky":false,"template":"","format":"standard","meta":[],"categories":[48],"tags":[],"_links":{"self":[{"href":"https:\/\/pasaenmendoza.com\/index.php?rest_route=\/wp\/v2\/posts\/10367"}],"collection":[{"href":"https:\/\/pasaenmendoza.com\/index.php?rest_route=\/wp\/v2\/posts"}],"about":[{"href":"https:\/\/pasaenmendoza.com\/index.php?rest_route=\/wp\/v2\/types\/post"}],"author":[{"embeddable":true,"href":"https:\/\/pasaenmendoza.com\/index.php?rest_route=\/wp\/v2\/users\/2"}],"replies":[{"embeddable":true,"href":"https:\/\/pasaenmendoza.com\/index.php?rest_route=%2Fwp%2Fv2%2Fcomments&post=10367"}],"version-history":[{"count":1,"href":"https:\/\/pasaenmendoza.com\/index.php?rest_route=\/wp\/v2\/posts\/10367\/revisions"}],"predecessor-version":[{"id":10369,"href":"https:\/\/pasaenmendoza.com\/index.php?rest_route=\/wp\/v2\/posts\/10367\/revisions\/10369"}],"wp:featuredmedia":[{"embeddable":true,"href":"https:\/\/pasaenmendoza.com\/index.php?rest_route=\/wp\/v2\/media\/10368"}],"wp:attachment":[{"href":"https:\/\/pasaenmendoza.com\/index.php?rest_route=%2Fwp%2Fv2%2Fmedia&parent=10367"}],"wp:term":[{"taxonomy":"category","embeddable":true,"href":"https:\/\/pasaenmendoza.com\/index.php?rest_route=%2Fwp%2Fv2%2Fcategories&post=10367"},{"taxonomy":"post_tag","embeddable":true,"href":"https:\/\/pasaenmendoza.com\/index.php?rest_route=%2Fwp%2Fv2%2Ftags&post=10367"}],"curies":[{"name":"wp","href":"https:\/\/api.w.org\/{rel}","templated":true}]}}