{"id":10370,"date":"2024-11-29T22:49:41","date_gmt":"2024-11-29T21:49:41","guid":{"rendered":"https:\/\/pasaenmendoza.com\/?p=10370"},"modified":"2024-11-29T22:49:42","modified_gmt":"2024-11-29T21:49:42","slug":"alfredo-cornejo-se-reunio-con-rectores-del-mercosur-para-hablar-sobre-la-educacion-superior","status":"publish","type":"post","link":"https:\/\/pasaenmendoza.com\/?p=10370","title":{"rendered":"Alfredo Cornejo se reuni\u00f3 con rectores del Mercosur para hablar sobre la educaci\u00f3n superior"},"content":{"rendered":"\n<p>El gobernador\u00a0<strong>Alfredo Cornejo<\/strong>\u00a0mantuvo un encuentro con rectoras y rectores de los pa\u00edses que forman parte de la Asociaci\u00f3n de Universidades Grupo Montevideo. El c\u00f3nclave se desarroll\u00f3 en las instalaciones de la Facultad de Derecho de la UNCuyo y la rectora de la casa de altos estudios, Esther Sanchez, fue la anfitriona.<\/p>\n\n\n\n<p>La\u00a0<strong>UNCuyo<\/strong>\u00a0fue elegida sede de la 86\u00b0 reuni\u00f3n del Consejo de Rectores de la Asociaci\u00f3n de Universidades del Grupo Montevideo que re\u00fane a representantes de distintas universidades de Argentina, Bolivia, Brasil, Chile, Paraguay y Uruguay.<\/p>\n\n\n\n<p>El mandatario se mostr\u00f3 comprometido con el presente, el futuro y los\u00a0<strong>nuevos desaf\u00edos de la educaci\u00f3n superior\u00a0<\/strong>al poner en valor la visita de autoridades universitarias de pa\u00edses hermanos, enfatizando la necesidad de mantener el prestigio y la legitimidad de las instituciones acad\u00e9micas.<\/p>\n\n\n\n<h2 class=\"wp-block-heading\">Alfredo Cornejo destac\u00f3 el rol de la universidad en la sociedad<\/h2>\n\n\n\n<p>Al hacer referencia a las distintas actividades de envergadura que lleva adelante el Gobierno provincial, como es el caso de la Cumbre de Miner\u00eda Sostenible, Cornejo se\u00f1al\u00f3 que son pilares fundamentales \u201clas&nbsp;<strong>instituciones que no deben perder prestigio y no deben perder autoridad<\/strong>, ya que prestigio y autoridad van de la mano\u201d al hacer especial hincapi\u00e9 en el&nbsp;<strong>aporte acad\u00e9mico que brindan las universidades.<\/strong><\/p>\n\n\n\n<p>El gobernador destac\u00f3 adem\u00e1s la diversidad econ\u00f3mica que tiene Mendoza, al mencionar su producci\u00f3n de alimentos y bebidas, as\u00ed como un enfoque en energ\u00edas limpias. De esta manera, afirm\u00f3 que desde la provincia &#8220;hacemos alimentos para el mundo, y hay cada vez m\u00e1s competencia. Eso es bueno para la alimentaci\u00f3n del mundo, es un progreso de la humanidad, pero nos obliga a ser cada vez m\u00e1s competitivos y nos obliga a que nuestras instituciones acad\u00e9micas tengan la transferencia de sus conocimientos para hacer que los alimentos sean cada vez m\u00e1s sanos, y m\u00e1s accesibles a los consumidores\u201d.<\/p>\n\n\n\n<p>De esta manera, Cornejo afirm\u00f3 que&nbsp;<strong>la producci\u00f3n necesaria en los pr\u00f3ximos 30 a\u00f1os requiere el apoyo de universidades.<\/strong>&nbsp;&#8220;Todo lo que hacemos en Mendoza tiene mucho que ver con la Universidad Nacional de Cuyo\u201d, asegur\u00f3 y agreg\u00f3 en este sentido que &#8220;hemos superado en los \u00faltimos ocho a\u00f1os a much\u00edsimas otras provincias que ten\u00edan en su matriz productiva de servicios al turismo, y hoy somos la provincia m\u00e1s internacionalizada fuera de Buenos Aires en materia de turismo extranjero\u201d.<\/p>\n\n\n\n<p>Tambi\u00e9n<strong>&nbsp;hizo menci\u00f3n a la posici\u00f3n estrat\u00e9gica de Mendoza que se destaca en turismo y log\u00edstica<\/strong>, consolid\u00e1ndose como un polo internacional por su ubicaci\u00f3n.<\/p>\n\n\n\n<p>Acto seguido, subray\u00f3 que\u00a0<strong>Mendoza es &#8220;un polo log\u00edstico por el paso internacional a Chile\u201d<\/strong>\u00a0ya que conecta los puertos chilenos y el comercio con Asia.<\/p>\n\n\n\n<h2 class=\"wp-block-heading\"><strong>Acerca de AUGM<\/strong><\/h2>\n\n\n\n<p>AUGM representa un compromiso profundo con el fortalecimiento de las instituciones y con el desarrollo de soluciones innovadoras ante los desaf\u00edos educativos que enfrentan las instituciones en un mundo en constante transformaci\u00f3n.<\/p>\n\n\n\n<p>Es una&nbsp;<strong>red de universidades p\u00fablicas, aut\u00f3nomas y autogobernadas de Argentina, Bolivia, Brasil, Chile, Paraguay y Uruguay<\/strong>&nbsp;que, en raz\u00f3n de sus semejanzas, comparten sus vocaciones, su car\u00e1cter p\u00fablico, sus similitudes en las estructuras acad\u00e9micas y la equivalencia de los niveles de sus servicios; caracter\u00edsticas que las sit\u00faan en condiciones de desarrollar actividades de cooperaci\u00f3n con perspectivas ciertas de viabilidad.<\/p>\n\n\n\n<p>Naci\u00f3 en agosto de 1991 para dar respuesta a los desaf\u00edos por los que atravesaba la vida universitaria en el mundo. Un conjunto de Universidades y universitarios, comprendieron la necesidad de trabajar por la excelencia, la calidad, la pertinencia y cumplir con los cometidos que la educaci\u00f3n superior p\u00fablica requer\u00eda.<\/p>\n\n\n\n<p>Se consolid\u00f3 en el devenir de los a\u00f1os compartiendo de manera solidaria, personal acad\u00e9mico de m\u00e1xima calificaci\u00f3n, recursos materiales, instalaciones, equipamientos, laboratorios, Bibliotecas, construyendo un espacio acad\u00e9mico com\u00fan ampliado, donde los obst\u00e1culos son superados y se multiplican las posibilidades de acci\u00f3n.<\/p>\n\n\n\n<p><strong>FUENTE: www.diariouno.com.ar<\/strong><\/p>\n","protected":false},"excerpt":{"rendered":"<p>El gobernador\u00a0Alfredo Cornejo\u00a0mantuvo un encuentro con rectoras y rectores de los pa\u00edses que forman parte de la Asociaci\u00f3n de Universidades Grupo Montevideo. El c\u00f3nclave se desarroll\u00f3 en las instalaciones de la Facultad de Derecho de la UNCuyo y la rectora de la casa de altos estudios, Esther Sanchez, fue la anfitriona. La\u00a0UNCuyo\u00a0fue elegida sede de [&hellip;]<\/p>\n","protected":false},"author":2,"featured_media":10371,"comment_status":"open","ping_status":"open","sticky":false,"template":"","format":"standard","meta":[],"categories":[47],"tags":[],"_links":{"self":[{"href":"https:\/\/pasaenmendoza.com\/index.php?rest_route=\/wp\/v2\/posts\/10370"}],"collection":[{"href":"https:\/\/pasaenmendoza.com\/index.php?rest_route=\/wp\/v2\/posts"}],"about":[{"href":"https:\/\/pasaenmendoza.com\/index.php?rest_route=\/wp\/v2\/types\/post"}],"author":[{"embeddable":true,"href":"https:\/\/pasaenmendoza.com\/index.php?rest_route=\/wp\/v2\/users\/2"}],"replies":[{"embeddable":true,"href":"https:\/\/pasaenmendoza.com\/index.php?rest_route=%2Fwp%2Fv2%2Fcomments&post=10370"}],"version-history":[{"count":1,"href":"https:\/\/pasaenmendoza.com\/index.php?rest_route=\/wp\/v2\/posts\/10370\/revisions"}],"predecessor-version":[{"id":10372,"href":"https:\/\/pasaenmendoza.com\/index.php?rest_route=\/wp\/v2\/posts\/10370\/revisions\/10372"}],"wp:featuredmedia":[{"embeddable":true,"href":"https:\/\/pasaenmendoza.com\/index.php?rest_route=\/wp\/v2\/media\/10371"}],"wp:attachment":[{"href":"https:\/\/pasaenmendoza.com\/index.php?rest_route=%2Fwp%2Fv2%2Fmedia&parent=10370"}],"wp:term":[{"taxonomy":"category","embeddable":true,"href":"https:\/\/pasaenmendoza.com\/index.php?rest_route=%2Fwp%2Fv2%2Fcategories&post=10370"},{"taxonomy":"post_tag","embeddable":true,"href":"https:\/\/pasaenmendoza.com\/index.php?rest_route=%2Fwp%2Fv2%2Ftags&post=10370"}],"curies":[{"name":"wp","href":"https:\/\/api.w.org\/{rel}","templated":true}]}}