{"id":10391,"date":"2024-12-02T22:41:10","date_gmt":"2024-12-02T21:41:10","guid":{"rendered":"https:\/\/pasaenmendoza.com\/?p=10391"},"modified":"2024-12-02T22:41:11","modified_gmt":"2024-12-02T21:41:11","slug":"este-lunes-la-dge-comenzo-con-la-inscripcion-para-el-ingreso-a-salas-de-3-anos-de-nivel-inicial","status":"publish","type":"post","link":"https:\/\/pasaenmendoza.com\/?p=10391","title":{"rendered":"Este lunes la DGE comenz\u00f3 con la inscripci\u00f3n para el ingreso a salas de 3 a\u00f1os de Nivel Inicial"},"content":{"rendered":"\n<p>Quienes en el ciclo lectivo 2025 deban ingresar a su\u00a0<strong>primera etapa de escolaridad formal<\/strong>, que es el nivel Inicial,\u00a0<strong>la DGE inici\u00f3 este lunes con las inscripciones<\/strong>, y se extender\u00e1n hasta el mi\u00e9rcoles. Como es costumbre, tendr\u00e1n prioridad de banco los hermanos y hermanas que est\u00e9n cursando en la escuela elegida para inscribirse.<\/p>\n\n\n\n<p>Adem\u00e1s, se les dar\u00e1 prioridad tambi\u00e9n a los hijos e hijas del personal docente y no docente de ese colegio, y la lista de prioridades contin\u00faa seg\u00fan el orden de cercan\u00eda por domicilio del aspirante.<\/p>\n\n\n\n<p>La Direcci\u00f3n General de Escuelas (DGE) comunic\u00f3 de este modo que comienzan las instancias de inscripci\u00f3n para el\u00a0<strong>ingreso al ciclo lectivo 2025 para salas de 3 a\u00f1os<\/strong>\u00a0pertenecientes al nivel Inicial de gesti\u00f3n estatal.<\/p>\n\n\n\n<p><strong>Las diferentes instancias de inscripci\u00f3n para el ingreso a salas de 3 a\u00f1os de nivel Inicial se realizar\u00e1n hasta el mi\u00e9rcoles 4 de diciembre.<\/strong><\/p>\n\n\n\n<p>Para este procedimiento, la DGE -a trav\u00e9s de su Subsecretar\u00eda de Educaci\u00f3n- estableci\u00f3 el cronograma y las pautas de ingreso en el Memor\u00e1ndum N\u00b0 08809135.<\/p>\n\n\n\n<p>Por ejemplo,\u00a0<strong>cada salita de 3 a\u00f1os no podr\u00e1 tener m\u00e1s de 15 alumnos<\/strong>. &#8220;En caso de plurisalas lo establecer\u00e1 cada equipo directivo con aval del supervisor, de acuerdo a la realidad de la instituci\u00f3n&#8221;, aclara la disposici\u00f3n de la DGE y recuerda que los peque\u00f1os a inscribir en jard\u00edn de infantes deben tener 3 a\u00f1os cumplidos al 30 de junio de 2025, es decir, ser\u00e1n\u00a0<strong>ni\u00f1os nacidos entre el 1\/7\/2021 y el 30\/6\/2022<\/strong>.<\/p>\n\n\n\n<h2 class=\"wp-block-heading\">El jueves y viernes la DGE har\u00e1 la asignaci\u00f3n de bancos en sala de 3<\/h2>\n\n\n\n<p>Otro punto que destaca la normativa vigente es que en todos los casos el turno -sea ma\u00f1ana o tarde-&nbsp;<strong>se otorgar\u00e1 seg\u00fan la disponibilidad y organizaci\u00f3n escolar<\/strong>&nbsp;cuya decisi\u00f3n ser\u00e1 exclusiva del director o la directora de cada instituci\u00f3n educativa.<\/p>\n\n\n\n<p>Este lunes se anotar\u00e1n los&nbsp;<strong>hermanos de estudiantes de cada jard\u00edn<\/strong>&nbsp;y estudiantes con discapacidad certificada. La segunda instancia ser\u00e1&nbsp;<strong>el martes para hijos del personal docente y no docente<\/strong>&nbsp;de la instituci\u00f3n; hermanos de los estudiantes que concurren al nivel primario de la escuela con la cual articulan; ni\u00f1os y ni\u00f1as de centros educativos de primera infancia (CEPI) con los que articulan los jardines de infantes exclusivos (JIE), jardines de infantes nucleados (JIN) y jardines de infantes anexos (JIA) e hijos de personal docente y no docente que trabajan en la escuela con la que articulan.<\/p>\n\n\n\n<p><strong>El mi\u00e9rcoles quedar\u00e1 para inscripciones a nuevos aspirantes<\/strong>. El orden de prioridad ser\u00e1 primero con domicilio cercano a la escuela debidamente certificado, segundo con domicilio laboral de los padres debidamente certificado y tercero por elecci\u00f3n familiar.<\/p>\n\n\n\n<p>En tanto que el jueves 5 y viernes 6&nbsp;<strong>el gobierno escolar realizar\u00e1 la asignaci\u00f3n de bancos<\/strong>&nbsp;de acuerdo a las prioridades y a la disponibilidad.<\/p>\n\n\n\n<p><strong>Se abrieron 120 salas para ni\u00f1os de 3 a\u00f1os, ampliando la cobertura del nivel Inicial en todo el territorio provincial. Y proyectan abrir 120 salas m\u00e1s en 2025.<\/strong><\/p>\n\n\n\n<p>La ampliaci\u00f3n de salas en Mendoza busca dar respuesta a la primera infancia &#8220;garantizando derechos educativos con inclusi\u00f3n y calidad, a cargo de docentes con formaci\u00f3n en el nivel&#8221;, remarcaron desde la DGE.<\/p>\n\n\n\n<h2 class=\"wp-block-heading\"><strong>La DGE anunci\u00f3 la inscripci\u00f3n para continuidad en sala de 5 a\u00f1os<\/strong><\/h2>\n\n\n\n<p>Con el fin de garantizar la continuidad en los trayectos escolares en el ciclo lectivo 2025, la DGE estableci\u00f3 que del 10 al 12 de diciembre el padre, la madre o el tutor del ni\u00f1o o los ni\u00f1os a cargo deber\u00e1 asistir a la escuela que concurren para firmar el consentimiento de continuidad de sala de 4 a\u00f1os para&nbsp;<strong>continuar su trayecto escolar en sala de 5<\/strong>.<\/p>\n\n\n\n<p>De este modo, la Subsecretar\u00eda de Educaci\u00f3n puso a disponible el procedimiento y el cronograma para la inscripci\u00f3n de estudiantes para sala de 5 a\u00f1os del&nbsp;<strong>ciclo lectivo 2025&nbsp;<\/strong>en instituciones de gesti\u00f3n estatal.<\/p>\n\n\n\n<p>Y en este sentido, estableci\u00f3 que\u00a0<strong>del 10 al 12 de diciembre<\/strong>\u00a0las familias o adultos responsables deber\u00e1n asistir a la escuela que concurren los ni\u00f1os y ni\u00f1as y firmar el consentimiento de continuidad de sala de 4 a\u00f1os para continuar su trayecto escolar en sala de 5.<\/p>\n\n\n\n<p>El orden de&nbsp;<strong>prioridades<\/strong>&nbsp;para hacer la inscripci\u00f3n efectiva es el siguiente:<\/p>\n\n\n\n<ul>\n<li>Estudiantes de jardines de infantes exclusivos, nucleados y anexos que cursen sala de 4 a\u00f1os.<\/li>\n\n\n\n<li>Nuevos aspirantes: hermanos y hermanas de estudiantes de la instituci\u00f3n, ni\u00f1os y ni\u00f1as con Certificado \u00danico de Discapacidad (CUD), hijos e hijas de personal docente y no docente de la instituci\u00f3n, hermanos y hermanas de estudiantes de las instituciones con las que se articula e hijos e hijas de docentes y personal no docente con las escuelas que se articula.<\/li>\n<\/ul>\n\n\n\n<p>En caso de los nuevos aspirantes se le asignar\u00e1 banco de acuerdo a la disponibilidad de lugares y turnos escolares. Los ni\u00f1os y ni\u00f1as que se inscriban deber\u00e1n tener los\u00a0<strong>5 a\u00f1os cumplidos al 30 de junio de 2025<\/strong>.<\/p>\n\n\n\n<p><strong>Fuente: www.diariouno.com.ar<\/strong><\/p>\n\n\n\n<p><a rel=\"noreferrer noopener\" href=\"https:\/\/www.facebook.com\/dialog\/feed?app_id=161316767303985&amp;link=https%3A%2F%2Fwww.diariouno.com.ar%2Fsociedad%2Feste-lunes-la-dge-comenzo-la-inscripcion-el-ingreso-salas-3-anos-nivel-inicial-n1379205&amp;name=Este+lunes+la+DGE+comenz%C3%B3+con+la+inscripci%C3%B3n+para+el+ingreso+a+salas+de+3+a%C3%B1os+de+Nivel+Inicial&amp;caption=DGE&amp;description=La+DGE+inform%C3%B3+que+hasta+el+mi%C3%A9rcoles+se+podr%C3%A1+inscribir+a+los+ingresantes+al+primer+ciclo+de+escolaridad+formal+que+es+el+nivel+Inicial+para+el+2025&amp;redirect_uri=https%3A%2F%2Fwww.diariouno.com.ar%2Fsociedad%2Feste-lunes-la-dge-comenzo-la-inscripcion-el-ingreso-salas-3-anos-nivel-inicial-n1379205\" target=\"_blank\"><\/a><\/p>\n","protected":false},"excerpt":{"rendered":"<p>Quienes en el ciclo lectivo 2025 deban ingresar a su\u00a0primera etapa de escolaridad formal, que es el nivel Inicial,\u00a0la DGE inici\u00f3 este lunes con las inscripciones, y se extender\u00e1n hasta el mi\u00e9rcoles. Como es costumbre, tendr\u00e1n prioridad de banco los hermanos y hermanas que est\u00e9n cursando en la escuela elegida para inscribirse. Adem\u00e1s, se les [&hellip;]<\/p>\n","protected":false},"author":2,"featured_media":10392,"comment_status":"open","ping_status":"open","sticky":false,"template":"","format":"standard","meta":[],"categories":[56],"tags":[],"_links":{"self":[{"href":"https:\/\/pasaenmendoza.com\/index.php?rest_route=\/wp\/v2\/posts\/10391"}],"collection":[{"href":"https:\/\/pasaenmendoza.com\/index.php?rest_route=\/wp\/v2\/posts"}],"about":[{"href":"https:\/\/pasaenmendoza.com\/index.php?rest_route=\/wp\/v2\/types\/post"}],"author":[{"embeddable":true,"href":"https:\/\/pasaenmendoza.com\/index.php?rest_route=\/wp\/v2\/users\/2"}],"replies":[{"embeddable":true,"href":"https:\/\/pasaenmendoza.com\/index.php?rest_route=%2Fwp%2Fv2%2Fcomments&post=10391"}],"version-history":[{"count":1,"href":"https:\/\/pasaenmendoza.com\/index.php?rest_route=\/wp\/v2\/posts\/10391\/revisions"}],"predecessor-version":[{"id":10393,"href":"https:\/\/pasaenmendoza.com\/index.php?rest_route=\/wp\/v2\/posts\/10391\/revisions\/10393"}],"wp:featuredmedia":[{"embeddable":true,"href":"https:\/\/pasaenmendoza.com\/index.php?rest_route=\/wp\/v2\/media\/10392"}],"wp:attachment":[{"href":"https:\/\/pasaenmendoza.com\/index.php?rest_route=%2Fwp%2Fv2%2Fmedia&parent=10391"}],"wp:term":[{"taxonomy":"category","embeddable":true,"href":"https:\/\/pasaenmendoza.com\/index.php?rest_route=%2Fwp%2Fv2%2Fcategories&post=10391"},{"taxonomy":"post_tag","embeddable":true,"href":"https:\/\/pasaenmendoza.com\/index.php?rest_route=%2Fwp%2Fv2%2Ftags&post=10391"}],"curies":[{"name":"wp","href":"https:\/\/api.w.org\/{rel}","templated":true}]}}