{"id":10397,"date":"2024-12-02T22:54:12","date_gmt":"2024-12-02T21:54:12","guid":{"rendered":"https:\/\/pasaenmendoza.com\/?p=10397"},"modified":"2024-12-02T22:54:13","modified_gmt":"2024-12-02T21:54:13","slug":"copetin-gonzalo-se-declaro-en-quiebra-y-cierra-sus-puertas-25-empleados-se-quedan-sin-trabajo","status":"publish","type":"post","link":"https:\/\/pasaenmendoza.com\/?p=10397","title":{"rendered":"Copet\u00edn Gonzalo se declar\u00f3 en quiebra y cierra sus puertas: 25 empleados se quedan sin trabajo"},"content":{"rendered":"\n<p>Un total de\u00a0<strong>25 empleados<\/strong>\u00a0de\u00a0<strong>&#8220;Copet\u00edn Gonzalo&#8221;<\/strong>, ubicada en Dorrego, fueron informados este domingo, mediante un audio de WhatsApp, que la\u00a0f\u00e1brica\u00a0hab\u00eda entrado en quiebra y cerrar\u00eda sus puertas. De todos modos, la firma no lo ha confirmado oficialmente.<\/p>\n\n\n\n<p>La empresa, fundada por el inmigrante espa\u00f1ol Gonzalo Garc\u00eda, tiene una trayectoria de tres generaciones en el rubro. Aunque su creador falleci\u00f3 en 2010, sus hijos y nietos continuaron con el legado en&nbsp;<strong>Berutti 182, Dorrego<\/strong>, Guaymall\u00e9n.<\/p>\n\n\n\n<p>Claudia, una de las empleadas con m\u00e1s antig\u00fcedad en la firma, expres\u00f3 <strong>\u00a0<\/strong>que, aunque hab\u00eda se\u00f1ales de alerta, recibir la noticia fue una \u201csorpresa desagradable\u201d.<\/p>\n\n\n\n<p>&#8220;Llevo 32 a\u00f1os en esta empresa. Empec\u00e9 con don Gonzalo y su esposa, personas maravillosas para quienes los empleados&nbsp;<strong>\u00e9ramos prioridad<\/strong>. Siempre digo que tenemos puesta la camiseta. Somos 25 trabajadores, y muchos llevamos a\u00f1os aqu\u00ed&#8221;, relat\u00f3 este lunes desde la puerta del local.<\/p>\n\n\n\n<p>Desde la muerte de Gonzalo, sus descendientes intentaron sostener el negocio, pero la situaci\u00f3n se agrav\u00f3 en los \u00faltimos meses. Gustavo, otro empleado con&nbsp;<strong>25 a\u00f1os de antig\u00fcedad, se\u00f1al\u00f3 que los sueldos se pagaban en dos partes y que las ventas hab\u00edan ca\u00eddo considerablemente<\/strong>.<\/p>\n\n\n\n<p>Claudia record\u00f3 que la pandemia cambi\u00f3 muchas din\u00e1micas.\u00a0<strong>&#8220;Aparentemente hay una deuda con la AFIP<\/strong>. Adem\u00e1s, no se nos hicieron los aportes a la obra social&#8221;, coment\u00f3.<\/p>\n\n\n\n<p>Tras recibir el audio este domingo, alrededor de las 14, intent\u00f3 comunicarse con los propietarios el lunes, sin obtener respuestas concretas.<strong>&nbsp;&#8220;Pablo, uno de los due\u00f1os, dijo que tambi\u00e9n fue una sorpresa para ellos saber que la empresa est\u00e1 en quiebra. No tenemos m\u00e1s precisiones<\/strong>&#8220;, se\u00f1al\u00f3. No obstante, afirm\u00f3 que se priorizar\u00e1 pagar lo que corresponde a los empleados, ya que la firma a\u00fan posee maquinarias e insumos.<\/p>\n\n\n\n<p><strong>&#8220;Copet\u00edn Gonzalo&#8221;<\/strong>&nbsp;tiene una sucursal en Neuqu\u00e9n, donde sus dos empleados tambi\u00e9n recibieron el mismo mensaje.<\/p>\n\n\n\n<p>\u201cSucedieron cosas llamativas, como que el viernes le quitaron la camioneta de la empresa a un empleado de Tunuy\u00e1n con cualquier excusa. Hicieron un trabajo de hormiga, vaciaron todo, incluso el dep\u00f3sito&#8221;, denunci\u00f3 Claudia.<\/p>\n\n\n\n<p>Gustavo a\u00f1adi\u00f3 que, en los \u00faltimos tiempos, la empresa cometi\u00f3 muchos errores, como el faltante de mercader\u00eda y movimientos &#8220;extra\u00f1os&#8221;.&nbsp;<strong>&#8220;Finalmente, todo va a remate<\/strong>, y quedamos sin empleo. Ellos no hicieron nada para evitarlo&#8221;, lament\u00f3.<\/p>\n\n\n\n<p>Desde el sindicato acompa\u00f1aron a los empleados este lunes, aunque se\u00f1alaron que nadie fue notificado oficialmente sobre despidos. &#8220;No sabemos de d\u00f3nde proviene la deuda ni c\u00f3mo se origin\u00f3.&nbsp;<strong>Hablan de un vaciamiento y de que no pagan a la AFIP desde hace seis meses<\/strong>. Posiblemente hubo desv\u00edo de dinero&#8221;, comentaron representantes gremiales.<\/p>\n\n\n\n<h2 class=\"wp-block-heading\">Desde 1952<\/h2>\n\n\n\n<p>La historia de la empresa se remonta a 1952, cuando Gonzalo Garc\u00eda lleg\u00f3 desde Espa\u00f1a. Su especialidad era la fabricaci\u00f3n de papas fritas tipo snack.<\/p>\n\n\n\n<p>Con el tiempo,&nbsp;<strong>&#8220;Copet\u00edn Gonzalo&#8221;<\/strong>&nbsp;se convirti\u00f3 en una pr\u00f3spera empresa familiar que pas\u00f3 de generaci\u00f3n en generaci\u00f3n. Antes de emprender su propio negocio, don Gonzalo, muy querido por su entorno, hab\u00eda trabajado en el rubro gastron\u00f3mico.<\/p>\n\n\n\n<p>La empresa alcanz\u00f3 su mayor crecimiento en los a\u00f1os \u201890, con una demanda que llev\u00f3 a contratar m\u00e1s personal e incorporar nueva maquinaria.\u00a0<strong>En a\u00f1os recientes, adem\u00e1s de modernizar su tecnolog\u00eda, la marca mendocina hab\u00eda dado un paso hacia las redes sociales<\/strong>.<\/p>\n\n\n\n<p><strong>Fuente: www.diariouno.com.ar<\/strong><\/p>\n","protected":false},"excerpt":{"rendered":"<p>Un total de\u00a025 empleados\u00a0de\u00a0&#8220;Copet\u00edn Gonzalo&#8221;, ubicada en Dorrego, fueron informados este domingo, mediante un audio de WhatsApp, que la\u00a0f\u00e1brica\u00a0hab\u00eda entrado en quiebra y cerrar\u00eda sus puertas. De todos modos, la firma no lo ha confirmado oficialmente. La empresa, fundada por el inmigrante espa\u00f1ol Gonzalo Garc\u00eda, tiene una trayectoria de tres generaciones en el rubro. Aunque [&hellip;]<\/p>\n","protected":false},"author":2,"featured_media":10398,"comment_status":"open","ping_status":"open","sticky":false,"template":"","format":"standard","meta":[],"categories":[106],"tags":[],"_links":{"self":[{"href":"https:\/\/pasaenmendoza.com\/index.php?rest_route=\/wp\/v2\/posts\/10397"}],"collection":[{"href":"https:\/\/pasaenmendoza.com\/index.php?rest_route=\/wp\/v2\/posts"}],"about":[{"href":"https:\/\/pasaenmendoza.com\/index.php?rest_route=\/wp\/v2\/types\/post"}],"author":[{"embeddable":true,"href":"https:\/\/pasaenmendoza.com\/index.php?rest_route=\/wp\/v2\/users\/2"}],"replies":[{"embeddable":true,"href":"https:\/\/pasaenmendoza.com\/index.php?rest_route=%2Fwp%2Fv2%2Fcomments&post=10397"}],"version-history":[{"count":1,"href":"https:\/\/pasaenmendoza.com\/index.php?rest_route=\/wp\/v2\/posts\/10397\/revisions"}],"predecessor-version":[{"id":10399,"href":"https:\/\/pasaenmendoza.com\/index.php?rest_route=\/wp\/v2\/posts\/10397\/revisions\/10399"}],"wp:featuredmedia":[{"embeddable":true,"href":"https:\/\/pasaenmendoza.com\/index.php?rest_route=\/wp\/v2\/media\/10398"}],"wp:attachment":[{"href":"https:\/\/pasaenmendoza.com\/index.php?rest_route=%2Fwp%2Fv2%2Fmedia&parent=10397"}],"wp:term":[{"taxonomy":"category","embeddable":true,"href":"https:\/\/pasaenmendoza.com\/index.php?rest_route=%2Fwp%2Fv2%2Fcategories&post=10397"},{"taxonomy":"post_tag","embeddable":true,"href":"https:\/\/pasaenmendoza.com\/index.php?rest_route=%2Fwp%2Fv2%2Ftags&post=10397"}],"curies":[{"name":"wp","href":"https:\/\/api.w.org\/{rel}","templated":true}]}}