{"id":1040,"date":"2023-08-29T20:59:31","date_gmt":"2023-08-29T18:59:31","guid":{"rendered":"https:\/\/pasaenmendoza.com\/?p=1040"},"modified":"2023-08-29T20:59:31","modified_gmt":"2023-08-29T18:59:31","slug":"paso-a-chile-aflojo-la-nieve-y-confirmaron-la-reapertura","status":"publish","type":"post","link":"https:\/\/pasaenmendoza.com\/?p=1040","title":{"rendered":"Paso a Chile: afloj\u00f3 la nieve y confirmaron la reapertura"},"content":{"rendered":"\n<p>Las coordinaciones de Argentina y Chile informaron este mediod\u00eda que&nbsp;<mark>a partir el mi\u00e9rcoles vuelve a habilitarse<\/mark>&nbsp;el paso&nbsp;<strong>Cristo Redentor&nbsp;<\/strong>en horario de invierno y para todo tipo de veh\u00edculos, luego de permanecer inhabilitado durante casi dos semanas por las intensas nevadas en alta monta\u00f1a.<\/p>\n\n\n\n<p><em>\u201cSe comunica que el Paso Internacional Cristo Redentor se encontrar\u00e1<br>habilitado para todo tipo de veh\u00edculos el d\u00eda de ma\u00f1ana mi\u00e9rcoles 30 de agosto\u201d<\/em>, informaron en un comunicado conjunto las autoridades fronterizas.<\/p>\n\n\n\n<p>El horario de invierno del paso es: de 9 a 21 en Argentina, con apertura y cierre de barreras en\u00a0<strong>Uspallata\u00a0<\/strong>a las 8 y a las 19.<\/p>\n\n\n\n<p><em>\u201cDe modificarse las condiciones meteorol\u00f3gicas se publicar\u00e1 la novedad a trav\u00e9s de un informe de la Direcci\u00f3n Nacional de Vialidad, Delegaci\u00f3n Uspallata\u201d,<\/em>\u00a0sumaron.<\/p>\n\n\n\n<p>Se espera que mi\u00e9rcoles y jueves se mantenga el buen tiempo en alta monta\u00f1a, sin embargo, el\u00a0<mark>viernes\u00a0<\/mark>ingresa un nuevo frente fr\u00edo y por lo menos hasta el 7 de septiembre anticipan d\u00edas con nieve.<\/p>\n\n\n\n<p><strong>Fuente: www.elsol.com.ar<\/strong><\/p>\n","protected":false},"excerpt":{"rendered":"<p>Las coordinaciones de Argentina y Chile informaron este mediod\u00eda que&nbsp;a partir el mi\u00e9rcoles vuelve a habilitarse&nbsp;el paso&nbsp;Cristo Redentor&nbsp;en horario de invierno y para todo tipo de veh\u00edculos, luego de permanecer inhabilitado durante casi dos semanas por las intensas nevadas en alta monta\u00f1a. \u201cSe comunica que el Paso Internacional Cristo Redentor se encontrar\u00e1habilitado para todo tipo [&hellip;]<\/p>\n","protected":false},"author":2,"featured_media":1041,"comment_status":"open","ping_status":"open","sticky":false,"template":"","format":"standard","meta":[],"categories":[52],"tags":[],"_links":{"self":[{"href":"https:\/\/pasaenmendoza.com\/index.php?rest_route=\/wp\/v2\/posts\/1040"}],"collection":[{"href":"https:\/\/pasaenmendoza.com\/index.php?rest_route=\/wp\/v2\/posts"}],"about":[{"href":"https:\/\/pasaenmendoza.com\/index.php?rest_route=\/wp\/v2\/types\/post"}],"author":[{"embeddable":true,"href":"https:\/\/pasaenmendoza.com\/index.php?rest_route=\/wp\/v2\/users\/2"}],"replies":[{"embeddable":true,"href":"https:\/\/pasaenmendoza.com\/index.php?rest_route=%2Fwp%2Fv2%2Fcomments&post=1040"}],"version-history":[{"count":1,"href":"https:\/\/pasaenmendoza.com\/index.php?rest_route=\/wp\/v2\/posts\/1040\/revisions"}],"predecessor-version":[{"id":1042,"href":"https:\/\/pasaenmendoza.com\/index.php?rest_route=\/wp\/v2\/posts\/1040\/revisions\/1042"}],"wp:featuredmedia":[{"embeddable":true,"href":"https:\/\/pasaenmendoza.com\/index.php?rest_route=\/wp\/v2\/media\/1041"}],"wp:attachment":[{"href":"https:\/\/pasaenmendoza.com\/index.php?rest_route=%2Fwp%2Fv2%2Fmedia&parent=1040"}],"wp:term":[{"taxonomy":"category","embeddable":true,"href":"https:\/\/pasaenmendoza.com\/index.php?rest_route=%2Fwp%2Fv2%2Fcategories&post=1040"},{"taxonomy":"post_tag","embeddable":true,"href":"https:\/\/pasaenmendoza.com\/index.php?rest_route=%2Fwp%2Fv2%2Ftags&post=1040"}],"curies":[{"name":"wp","href":"https:\/\/api.w.org\/{rel}","templated":true}]}}