{"id":10400,"date":"2024-12-02T23:03:29","date_gmt":"2024-12-02T22:03:29","guid":{"rendered":"https:\/\/pasaenmendoza.com\/?p=10400"},"modified":"2024-12-02T23:03:30","modified_gmt":"2024-12-02T22:03:30","slug":"tras-la-amenaza-narco-patricia-bullrich-anuncio-un-plan-para-reforzar-zonas-como-mendoza","status":"publish","type":"post","link":"https:\/\/pasaenmendoza.com\/?p=10400","title":{"rendered":"Tras la amenaza narco, Patricia Bullrich anunci\u00f3 un plan para reforzar zonas como Mendoza"},"content":{"rendered":"\n<p>La ministra de Seguridad de Naci\u00f3n,<strong>\u00a0Patricia Bullrich<\/strong>, confirm\u00f3 el inicio de operaciones en\u00a0<strong>Mendoza<\/strong>, Buenos Aires, Rosario, Tucum\u00e1n y C\u00f3rdoba para reforzar la lucha contra la\u00a0<strong>narcocriminalidad<\/strong>.<\/p>\n\n\n\n<p>En medio de la investigaci\u00f3n por la\u00a0amenaza de muerte que recibieron el gobernador santafesino Maximiliano Pullaro, la propia ministra y el pueblo argentino en general, Bullrich manifest\u00f3 el lanzamiento de un plan para reforzar cinco zonas del pa\u00eds, entre las que est\u00e1\u00a0<strong>Mendoza<\/strong>.<\/p>\n\n\n\n<p>\u201cNosotros vamos a estar donde haya<strong>\u00a0bandas y violencia<\/strong>. Queremos redoblar los esfuerzos contra la narcocriminalidad&#8221;, expres\u00f3.<\/p>\n\n\n\n<h2 class=\"wp-block-heading\">La mirada puesta en el narcotr\u00e1fico en Mendoza<\/h2>\n\n\n\n<p>As\u00ed como en una primera parte de la gesti\u00f3n de seguridad nacional, los esfuerzos se enfocaron en frenar la&nbsp;<strong>violencia narco&nbsp;<\/strong>en Rosario, otras cuatro zonas, que son las de mayor poblaci\u00f3n, se suman al nuevo plan de acci\u00f3n.<\/p>\n\n\n\n<p>La ministra Bullrich no profundiz\u00f3 en el alcance y s\u00f3lo hizo referencia al &#8220;env\u00edo de fuerzas federales a donde sea necesario&#8221;, pero desde el\u00a0<strong>Ministerio de Seguridad de Mendoza<\/strong>\u00a0indicaron que se trata de la puesta en marcha del convenio que se firm\u00f3 en Salta, durante el Consejo de Seguridad del Interior que se desarroll\u00f3 en septiembre.<\/p>\n\n\n\n<p>En ese encuentro, del que particip\u00f3 la ministra Mercedes Rus, se firmaron acuerdos para reforzar la custodia y vigilancia permanente de las fronteras, as\u00ed como la<strong>&nbsp;implementaci\u00f3n del Plan Federal de Inspecciones<\/strong>&nbsp;a operadores de precursores qu\u00edmicos.<\/p>\n\n\n\n<h2 class=\"wp-block-heading\">La amenaza de muerte a Patricia Bullrich<\/h2>\n\n\n\n<p>El gobierno nacional comunic\u00f3 que haber recibido un video de una<strong>\u00a0organizaci\u00f3n narco terrorista\u00a0<\/strong>que amenaz\u00f3 de muerte al gobernador Pullaro, a Bullrich y al pueblo argentino. Especialistas en ciberseguridad barajan la hip\u00f3tesis de que la organizaci\u00f3n \u201cpuede ser de Buenos Aires\u201d.<\/p>\n\n\n\n<p>&#8220;Manejamos la hip\u00f3tesis de que podr\u00eda ser una banda de Buenos Aires&#8221;, revel\u00f3 Bullrich, a la vez que a\u00f1adi\u00f3: \u201cVamos a mantener y profundizar el r\u00e9gimen de alto riesgo que es del que hablan ellos en el video sobre las&nbsp;<strong>c\u00e1rceles<\/strong>, sin celulares y pr\u00e1cticamente sin visitas&#8221;.<\/p>\n\n\n\n<p>Fue entonces cuando manifest\u00f3 el lanzamiento del plan para zonas de&nbsp;<strong>Buenos Aires, Rosario, C\u00f3rdoba, Mendoza y Tucum\u00e1n<\/strong>.<\/p>\n\n\n\n<p>Asimismo, la ministra reclam\u00f3 al Congreso la sanci\u00f3n de la&nbsp;<strong>Ley Antimafias<\/strong>, que apuesta a penar a los que delinquen de manera organizada.<\/p>\n\n\n\n<p>Sobre la amenaza en s\u00ed, afirm\u00f3 que \u201ctodo est\u00e1 en investigaci\u00f3n. Con el Ministerio de Seguridad de la Provincia (de Buenos Aires) trabajamos codo a codo contra las bandas sin ning\u00fan tipo de problema\u201d, puntualiz\u00f3.<\/p>\n\n\n\n<p>&#8220;Colaboramos con ellos para que el pa\u00eds y los ciudadanos de Buenos Aires vivan mejor y vivan m\u00e1s tranquilos, as\u00ed que es nuestra obligaci\u00f3n no mirar de d\u00f3nde vienen y de qu\u00e9 partido son en el \u00e1mbito de la seguridad. Es una instrucci\u00f3n muy precisa del Presidente&#8221;, confes\u00f3, y a\u00f1adi\u00f3: \u201cDonde haya violencia, donde haya bandas,<strong>&nbsp;donde nosotros podamos con las fuerzas federales apoyar y colaborar, ah\u00ed estamos<\/strong>\u201d.<\/p>\n\n\n\n<p>Tras la viralizaci\u00f3n del video,&nbsp;<strong>Bullrich&nbsp;<\/strong>insisti\u00f3: \u201cLa reacci\u00f3n es redoblar los esfuerzos. Generar, mantener y profundizar este r\u00e9gimen de alto riesgo que los tiene en las c\u00e1rceles, sin los privilegios que ten\u00edan ante, sin celulares, y casi pr\u00e1cticamente sin visitas\u201d.<\/p>\n\n\n\n<p>Para la ministra, las restricciones han generado un cambio, por lo que la cartera que lidera tiene el objetivo de reforzar las garant\u00edas para que \u201cestos delincuentes no tengan ninguna capacidad de acci\u00f3n en las\u00a0<strong>c\u00e1rceles<\/strong>\u201d.<\/p>\n\n\n\n<p><strong>Fuente: www.diariouno.com.ar<\/strong><\/p>\n","protected":false},"excerpt":{"rendered":"<p>La ministra de Seguridad de Naci\u00f3n,\u00a0Patricia Bullrich, confirm\u00f3 el inicio de operaciones en\u00a0Mendoza, Buenos Aires, Rosario, Tucum\u00e1n y C\u00f3rdoba para reforzar la lucha contra la\u00a0narcocriminalidad. En medio de la investigaci\u00f3n por la\u00a0amenaza de muerte que recibieron el gobernador santafesino Maximiliano Pullaro, la propia ministra y el pueblo argentino en general, Bullrich manifest\u00f3 el lanzamiento de [&hellip;]<\/p>\n","protected":false},"author":2,"featured_media":10401,"comment_status":"open","ping_status":"open","sticky":false,"template":"","format":"standard","meta":[],"categories":[47],"tags":[],"_links":{"self":[{"href":"https:\/\/pasaenmendoza.com\/index.php?rest_route=\/wp\/v2\/posts\/10400"}],"collection":[{"href":"https:\/\/pasaenmendoza.com\/index.php?rest_route=\/wp\/v2\/posts"}],"about":[{"href":"https:\/\/pasaenmendoza.com\/index.php?rest_route=\/wp\/v2\/types\/post"}],"author":[{"embeddable":true,"href":"https:\/\/pasaenmendoza.com\/index.php?rest_route=\/wp\/v2\/users\/2"}],"replies":[{"embeddable":true,"href":"https:\/\/pasaenmendoza.com\/index.php?rest_route=%2Fwp%2Fv2%2Fcomments&post=10400"}],"version-history":[{"count":1,"href":"https:\/\/pasaenmendoza.com\/index.php?rest_route=\/wp\/v2\/posts\/10400\/revisions"}],"predecessor-version":[{"id":10402,"href":"https:\/\/pasaenmendoza.com\/index.php?rest_route=\/wp\/v2\/posts\/10400\/revisions\/10402"}],"wp:featuredmedia":[{"embeddable":true,"href":"https:\/\/pasaenmendoza.com\/index.php?rest_route=\/wp\/v2\/media\/10401"}],"wp:attachment":[{"href":"https:\/\/pasaenmendoza.com\/index.php?rest_route=%2Fwp%2Fv2%2Fmedia&parent=10400"}],"wp:term":[{"taxonomy":"category","embeddable":true,"href":"https:\/\/pasaenmendoza.com\/index.php?rest_route=%2Fwp%2Fv2%2Fcategories&post=10400"},{"taxonomy":"post_tag","embeddable":true,"href":"https:\/\/pasaenmendoza.com\/index.php?rest_route=%2Fwp%2Fv2%2Ftags&post=10400"}],"curies":[{"name":"wp","href":"https:\/\/api.w.org\/{rel}","templated":true}]}}