{"id":10406,"date":"2024-12-03T12:45:36","date_gmt":"2024-12-03T11:45:36","guid":{"rendered":"https:\/\/pasaenmendoza.com\/?p=10406"},"modified":"2024-12-03T12:45:37","modified_gmt":"2024-12-03T11:45:37","slug":"el-tiempo-en-mendoza-sube-la-temperatura-para-este-martes","status":"publish","type":"post","link":"https:\/\/pasaenmendoza.com\/?p=10406","title":{"rendered":"El tiempo en Mendoza: sube la temperatura para este martes"},"content":{"rendered":"\n<p><strong>La temperatura m\u00e1xima para este martes subir\u00e1 a los 31 grados cent\u00edgrados, mientras que la m\u00ednima ser\u00e1 inferior a los registros de los \u00faltimos d\u00edas: 16 grados.<\/strong><\/p>\n\n\n\n<p>El pron\u00f3stico de la<strong>&nbsp;Direcci\u00f3n de Contingencias Clim\u00e1ticas<\/strong>&nbsp;adelant\u00f3 que habr\u00e1 \u201c<em>tiempo bueno con ascenso de la temperatura, vientos moderados del noreste, inestable hacia la noche<\/em>\u201c.<\/p>\n\n\n\n<p>Para los que viajen hacia Chile por la ruta 7, atentos porque habr\u00e1 \u201c<em>nevadas d\u00e9biles en cordillera hacia la noche<\/em>\u201c.<\/p>\n\n\n\n<p><strong>Fuente: www.elsol.com.ar<\/strong><\/p>\n","protected":false},"excerpt":{"rendered":"<p>La temperatura m\u00e1xima para este martes subir\u00e1 a los 31 grados cent\u00edgrados, mientras que la m\u00ednima ser\u00e1 inferior a los registros de los \u00faltimos d\u00edas: 16 grados. El pron\u00f3stico de la&nbsp;Direcci\u00f3n de Contingencias Clim\u00e1ticas&nbsp;adelant\u00f3 que habr\u00e1 \u201ctiempo bueno con ascenso de la temperatura, vientos moderados del noreste, inestable hacia la noche\u201c. Para los que viajen [&hellip;]<\/p>\n","protected":false},"author":2,"featured_media":10407,"comment_status":"open","ping_status":"open","sticky":false,"template":"","format":"standard","meta":[],"categories":[52],"tags":[],"_links":{"self":[{"href":"https:\/\/pasaenmendoza.com\/index.php?rest_route=\/wp\/v2\/posts\/10406"}],"collection":[{"href":"https:\/\/pasaenmendoza.com\/index.php?rest_route=\/wp\/v2\/posts"}],"about":[{"href":"https:\/\/pasaenmendoza.com\/index.php?rest_route=\/wp\/v2\/types\/post"}],"author":[{"embeddable":true,"href":"https:\/\/pasaenmendoza.com\/index.php?rest_route=\/wp\/v2\/users\/2"}],"replies":[{"embeddable":true,"href":"https:\/\/pasaenmendoza.com\/index.php?rest_route=%2Fwp%2Fv2%2Fcomments&post=10406"}],"version-history":[{"count":1,"href":"https:\/\/pasaenmendoza.com\/index.php?rest_route=\/wp\/v2\/posts\/10406\/revisions"}],"predecessor-version":[{"id":10408,"href":"https:\/\/pasaenmendoza.com\/index.php?rest_route=\/wp\/v2\/posts\/10406\/revisions\/10408"}],"wp:featuredmedia":[{"embeddable":true,"href":"https:\/\/pasaenmendoza.com\/index.php?rest_route=\/wp\/v2\/media\/10407"}],"wp:attachment":[{"href":"https:\/\/pasaenmendoza.com\/index.php?rest_route=%2Fwp%2Fv2%2Fmedia&parent=10406"}],"wp:term":[{"taxonomy":"category","embeddable":true,"href":"https:\/\/pasaenmendoza.com\/index.php?rest_route=%2Fwp%2Fv2%2Fcategories&post=10406"},{"taxonomy":"post_tag","embeddable":true,"href":"https:\/\/pasaenmendoza.com\/index.php?rest_route=%2Fwp%2Fv2%2Ftags&post=10406"}],"curies":[{"name":"wp","href":"https:\/\/api.w.org\/{rel}","templated":true}]}}