{"id":10412,"date":"2024-12-03T22:49:45","date_gmt":"2024-12-03T21:49:45","guid":{"rendered":"https:\/\/pasaenmendoza.com\/?p=10412"},"modified":"2024-12-03T22:49:46","modified_gmt":"2024-12-03T21:49:46","slug":"cayo-un-helicoptero-del-ejercito-argentino-en-campo-los-andes-cinco-heridos","status":"publish","type":"post","link":"https:\/\/pasaenmendoza.com\/?p=10412","title":{"rendered":"Cay\u00f3 un helic\u00f3ptero del Ej\u00e9rcito Argentino en Campo los Andes: cinco heridos"},"content":{"rendered":"\n<p>Un helic\u00f3ptero perteneciente al&nbsp;<strong>Ej\u00e9rcito Argentino<\/strong>&nbsp;sufri\u00f3 este martes pasadas las 16 un accidente en el interior de&nbsp;<strong>Campo Los Andes, en Tunuy\u00e1n<\/strong>. El siniestro involucr\u00f3 a 5 tripulantes, quienes resultaron con diversas lesiones y fueron inmediatamente trasladados al hospital local.<\/p>\n\n\n\n<p>Seg\u00fan las primeras informaciones, la aeronave militar cay\u00f3 en circunstancias poco claras en la zona del Dique Valle de Uco.<\/p>\n\n\n\n<p>A pesar de la gravedad del siniestro,&nbsp;<strong>las autoridades confirmaron que no hubo v\u00edctimas fatales y que dos de ellas presentaban fracturas y otra golpes en la zona abdominal.<\/strong><\/p>\n\n\n\n<p>Los soldados afectados recibieron atenci\u00f3n m\u00e9dica de emergencia y fueron derivados al centro asistencial m\u00e1s cercano para una evaluaci\u00f3n completa de sus lesiones.<\/p>\n\n\n\n<p>De acuerdo con fuentes del\u00a0<strong>Valle de Uco<\/strong>, autoridades militares iban a iniciar una investigaci\u00f3n para determinar las causas precisas del accidente.<\/p>\n\n\n\n<p><strong>Fuente: www.elsol.com.ar<\/strong><\/p>\n","protected":false},"excerpt":{"rendered":"<p>Un helic\u00f3ptero perteneciente al&nbsp;Ej\u00e9rcito Argentino&nbsp;sufri\u00f3 este martes pasadas las 16 un accidente en el interior de&nbsp;Campo Los Andes, en Tunuy\u00e1n. El siniestro involucr\u00f3 a 5 tripulantes, quienes resultaron con diversas lesiones y fueron inmediatamente trasladados al hospital local. Seg\u00fan las primeras informaciones, la aeronave militar cay\u00f3 en circunstancias poco claras en la zona del Dique [&hellip;]<\/p>\n","protected":false},"author":2,"featured_media":10413,"comment_status":"open","ping_status":"open","sticky":false,"template":"","format":"standard","meta":[],"categories":[48],"tags":[],"_links":{"self":[{"href":"https:\/\/pasaenmendoza.com\/index.php?rest_route=\/wp\/v2\/posts\/10412"}],"collection":[{"href":"https:\/\/pasaenmendoza.com\/index.php?rest_route=\/wp\/v2\/posts"}],"about":[{"href":"https:\/\/pasaenmendoza.com\/index.php?rest_route=\/wp\/v2\/types\/post"}],"author":[{"embeddable":true,"href":"https:\/\/pasaenmendoza.com\/index.php?rest_route=\/wp\/v2\/users\/2"}],"replies":[{"embeddable":true,"href":"https:\/\/pasaenmendoza.com\/index.php?rest_route=%2Fwp%2Fv2%2Fcomments&post=10412"}],"version-history":[{"count":1,"href":"https:\/\/pasaenmendoza.com\/index.php?rest_route=\/wp\/v2\/posts\/10412\/revisions"}],"predecessor-version":[{"id":10414,"href":"https:\/\/pasaenmendoza.com\/index.php?rest_route=\/wp\/v2\/posts\/10412\/revisions\/10414"}],"wp:featuredmedia":[{"embeddable":true,"href":"https:\/\/pasaenmendoza.com\/index.php?rest_route=\/wp\/v2\/media\/10413"}],"wp:attachment":[{"href":"https:\/\/pasaenmendoza.com\/index.php?rest_route=%2Fwp%2Fv2%2Fmedia&parent=10412"}],"wp:term":[{"taxonomy":"category","embeddable":true,"href":"https:\/\/pasaenmendoza.com\/index.php?rest_route=%2Fwp%2Fv2%2Fcategories&post=10412"},{"taxonomy":"post_tag","embeddable":true,"href":"https:\/\/pasaenmendoza.com\/index.php?rest_route=%2Fwp%2Fv2%2Ftags&post=10412"}],"curies":[{"name":"wp","href":"https:\/\/api.w.org\/{rel}","templated":true}]}}