{"id":10415,"date":"2024-12-03T22:52:30","date_gmt":"2024-12-03T21:52:30","guid":{"rendered":"https:\/\/pasaenmendoza.com\/?p=10415"},"modified":"2024-12-03T22:58:14","modified_gmt":"2024-12-03T21:58:14","slug":"videos-como-evolucionan-los-soldados-heridos-por-la-caida-del-helicoptero-en-mendoza","status":"publish","type":"post","link":"https:\/\/pasaenmendoza.com\/?p=10415","title":{"rendered":"C\u00f3mo evolucionan los soldados heridos por la ca\u00edda del helic\u00f3ptero en Mendoza"},"content":{"rendered":"\n<p><strong>Cinco soldados&nbsp;<\/strong>permanec\u00edan internados la tarde de este martes en el<strong>&nbsp;Hospital Scaravelli&nbsp;<\/strong>tras la ca\u00edda de un helic\u00f3ptero del<em>&nbsp;<\/em><strong>Ej\u00e9rcito Argentino&nbsp;<\/strong>en el<strong>&nbsp;Campo de los Andes<\/strong>, en&nbsp;<strong>Tunuy\u00e1n<\/strong>.<\/p>\n\n\n\n<p>El accidente se produjo antes de las 17 cuando los uniformados realizaban maniobras previas al despliegue de la&nbsp;<strong>Fuerza de Tarea Argentina 65<\/strong>, en la&nbsp;<strong>misi\u00f3n de Naciones Unidas en Chipre<\/strong>.<\/p>\n\n\n\n<p>Al parecer, el helic\u00f3ptero<strong>&nbsp;SA-315B LAMA&nbsp;<\/strong>tuvo una p\u00e9rdida de sustentaci\u00f3n y ejecut\u00f3 un aterrizaje de emergencia, situaci\u00f3n que provoc\u00f3 heridas leves en los cinco tripulantes, quienes debieron ser trasladados hasta el citado efector p\u00fablico tunuyanino.<\/p>\n\n\n\n<p>El nosocomio de<strong>&nbsp;calle G\u00fcemes&nbsp;<\/strong>se vio repleto de movilidades policiales y de las&nbsp;<strong>Fuerzas Armadas<\/strong>, que aguardaban en las inmediaciones novedades sobre las v\u00edctimas.<\/p>\n\n\n\n<p>M\u00e1s all\u00e1 de eso, fuentes consultadas indicaron que todos los lesionados llegaron conscientes al hospital y que se encontraban fuera de peligro.<\/p>\n\n\n\n<p>Pasadas las 18.30, dos de los soldados fueron trasladados hasta el<strong>&nbsp;Hospital Militar Regional Mendoza<\/strong>, ubicado en&nbsp;<strong>avenida Boulogne Sur Mer de Ciudad<\/strong>.<\/p>\n\n\n\n<p><strong>Fuente: www.elsol.com.ar<\/strong><\/p>\n","protected":false},"excerpt":{"rendered":"<p>Cinco soldados&nbsp;permanec\u00edan internados la tarde de este martes en el&nbsp;Hospital Scaravelli&nbsp;tras la ca\u00edda de un helic\u00f3ptero del&nbsp;Ej\u00e9rcito Argentino&nbsp;en el&nbsp;Campo de los Andes, en&nbsp;Tunuy\u00e1n. El accidente se produjo antes de las 17 cuando los uniformados realizaban maniobras previas al despliegue de la&nbsp;Fuerza de Tarea Argentina 65, en la&nbsp;misi\u00f3n de Naciones Unidas en Chipre. Al parecer, el [&hellip;]<\/p>\n","protected":false},"author":2,"featured_media":10416,"comment_status":"open","ping_status":"open","sticky":false,"template":"","format":"standard","meta":[],"categories":[48],"tags":[],"_links":{"self":[{"href":"https:\/\/pasaenmendoza.com\/index.php?rest_route=\/wp\/v2\/posts\/10415"}],"collection":[{"href":"https:\/\/pasaenmendoza.com\/index.php?rest_route=\/wp\/v2\/posts"}],"about":[{"href":"https:\/\/pasaenmendoza.com\/index.php?rest_route=\/wp\/v2\/types\/post"}],"author":[{"embeddable":true,"href":"https:\/\/pasaenmendoza.com\/index.php?rest_route=\/wp\/v2\/users\/2"}],"replies":[{"embeddable":true,"href":"https:\/\/pasaenmendoza.com\/index.php?rest_route=%2Fwp%2Fv2%2Fcomments&post=10415"}],"version-history":[{"count":2,"href":"https:\/\/pasaenmendoza.com\/index.php?rest_route=\/wp\/v2\/posts\/10415\/revisions"}],"predecessor-version":[{"id":10418,"href":"https:\/\/pasaenmendoza.com\/index.php?rest_route=\/wp\/v2\/posts\/10415\/revisions\/10418"}],"wp:featuredmedia":[{"embeddable":true,"href":"https:\/\/pasaenmendoza.com\/index.php?rest_route=\/wp\/v2\/media\/10416"}],"wp:attachment":[{"href":"https:\/\/pasaenmendoza.com\/index.php?rest_route=%2Fwp%2Fv2%2Fmedia&parent=10415"}],"wp:term":[{"taxonomy":"category","embeddable":true,"href":"https:\/\/pasaenmendoza.com\/index.php?rest_route=%2Fwp%2Fv2%2Fcategories&post=10415"},{"taxonomy":"post_tag","embeddable":true,"href":"https:\/\/pasaenmendoza.com\/index.php?rest_route=%2Fwp%2Fv2%2Ftags&post=10415"}],"curies":[{"name":"wp","href":"https:\/\/api.w.org\/{rel}","templated":true}]}}