{"id":10419,"date":"2024-12-03T23:34:13","date_gmt":"2024-12-03T22:34:13","guid":{"rendered":"https:\/\/pasaenmendoza.com\/?p=10419"},"modified":"2024-12-03T23:34:14","modified_gmt":"2024-12-03T22:34:14","slug":"como-funciona-en-mendoza-el-sistema-de-cobro-a-extranjeros-en-hospitales-publicos","status":"publish","type":"post","link":"https:\/\/pasaenmendoza.com\/?p=10419","title":{"rendered":"C\u00f3mo funciona en Mendoza el sistema de cobro a extranjeros en hospitales p\u00fablicos"},"content":{"rendered":"\n<p>En abril comenz\u00f3 a discutirse en\u00a0<strong>Mendoza\u00a0<\/strong>la posibilidad de que se comenzara a cobrarle la atenci\u00f3n a los\u00a0<strong>extranjeros\u00a0<\/strong>en los\u00a0<strong>hospitales p\u00fablicos<\/strong>. Finalmente, el sistema se puso en marcha en agosto, pero no se trat\u00f3 de la \u00fanica provincia que adopt\u00f3 esta medida.\u00a0Salta,\u00a0Jujuy y\u00a0Santa Cruz siguieron este camino y, este martes, desde Naci\u00f3n se anunci\u00f3 que iniciar\u00e1 una reforma a trav\u00e9s de la que se realizar\u00e1n cambios en el r\u00e9gimen migratorio.<\/p>\n\n\n\n<p>Esto permitir\u00e1 el cobro de aranceles a\u00a0<strong>extranjeros\u00a0<\/strong>para el acceso a universidades nacionales y a los\u00a0<strong>hospitales p\u00fablicos<\/strong>, adem\u00e1s del endurecimiento de las condiciones para el ingreso y los motivos de expulsi\u00f3n de los inmigrantes.<\/p>\n\n\n\n<p>En Mendoza, el plan de&nbsp;recuperaci\u00f3n de fondos se hizo a trav\u00e9s de la creaci\u00f3n de un ente llamado&nbsp;Reforsal,&nbsp;que es coordinado por el Ministerio de Salud y cuya titular es&nbsp;Daniela Correa.<\/p>\n\n\n\n<p>Los datos con los que cuenta el Gobierno es que, al a\u00f1o, hay unos 3.000&nbsp;<strong>extranjeros&nbsp;<\/strong>que se atienden en el sector p\u00fablico mendocino, representando un 2 o 3% de la poblaci\u00f3n que usualmente se atiende en los efectores p\u00fablicos.<\/p>\n\n\n\n<p>Seg\u00fan el decreto publicado en julio, se establecieron tres unidades para calcular el pago: una Unidad de Asistencia Mendocina (UAM) que tiene un valor de diez mil pesos, una Unidad Quir\u00fargica que tiene un valor de cien mil pesos y otra unidad bioqu\u00edmica que responde a los $600.<\/p>\n\n\n\n<p>Seg\u00fan el nomeclador que difundi\u00f3 el Gobierno, por ejemplo, una consulta m\u00e9dica en el sector p\u00fablico para un&nbsp;<strong>extranjero&nbsp;<\/strong>podr\u00eda salir unos $10.000; una ecograf\u00eda simple costar\u00e1 $17.000 (al igual que una ecograf\u00eda mamaria o testicular); un electrocardiograma $16.000 y una atenci\u00f3n de urgencia en guardia asciende a los $63.000.<\/p>\n\n\n\n<p>En caso de un accidente de tr\u00e1nsito de cualquier \u00edndole\u00a0para pasar un d\u00eda internado en Terapia Intensiva un\u00a0<strong>extranjero\u00a0<\/strong>deber\u00e1 destinar unos $400.000. El nomenclador destaca que una\u00a0internaci\u00f3n cl\u00ednica\u00a0general por d\u00eda tiene un costo de $230.000.<\/p>\n\n\n\n<p><strong>Fuente: www.mdzol.com<\/strong><\/p>\n","protected":false},"excerpt":{"rendered":"<p>En abril comenz\u00f3 a discutirse en\u00a0Mendoza\u00a0la posibilidad de que se comenzara a cobrarle la atenci\u00f3n a los\u00a0extranjeros\u00a0en los\u00a0hospitales p\u00fablicos. Finalmente, el sistema se puso en marcha en agosto, pero no se trat\u00f3 de la \u00fanica provincia que adopt\u00f3 esta medida.\u00a0Salta,\u00a0Jujuy y\u00a0Santa Cruz siguieron este camino y, este martes, desde Naci\u00f3n se anunci\u00f3 que iniciar\u00e1 una [&hellip;]<\/p>\n","protected":false},"author":2,"featured_media":10420,"comment_status":"open","ping_status":"open","sticky":false,"template":"","format":"standard","meta":[],"categories":[58],"tags":[],"_links":{"self":[{"href":"https:\/\/pasaenmendoza.com\/index.php?rest_route=\/wp\/v2\/posts\/10419"}],"collection":[{"href":"https:\/\/pasaenmendoza.com\/index.php?rest_route=\/wp\/v2\/posts"}],"about":[{"href":"https:\/\/pasaenmendoza.com\/index.php?rest_route=\/wp\/v2\/types\/post"}],"author":[{"embeddable":true,"href":"https:\/\/pasaenmendoza.com\/index.php?rest_route=\/wp\/v2\/users\/2"}],"replies":[{"embeddable":true,"href":"https:\/\/pasaenmendoza.com\/index.php?rest_route=%2Fwp%2Fv2%2Fcomments&post=10419"}],"version-history":[{"count":1,"href":"https:\/\/pasaenmendoza.com\/index.php?rest_route=\/wp\/v2\/posts\/10419\/revisions"}],"predecessor-version":[{"id":10421,"href":"https:\/\/pasaenmendoza.com\/index.php?rest_route=\/wp\/v2\/posts\/10419\/revisions\/10421"}],"wp:featuredmedia":[{"embeddable":true,"href":"https:\/\/pasaenmendoza.com\/index.php?rest_route=\/wp\/v2\/media\/10420"}],"wp:attachment":[{"href":"https:\/\/pasaenmendoza.com\/index.php?rest_route=%2Fwp%2Fv2%2Fmedia&parent=10419"}],"wp:term":[{"taxonomy":"category","embeddable":true,"href":"https:\/\/pasaenmendoza.com\/index.php?rest_route=%2Fwp%2Fv2%2Fcategories&post=10419"},{"taxonomy":"post_tag","embeddable":true,"href":"https:\/\/pasaenmendoza.com\/index.php?rest_route=%2Fwp%2Fv2%2Ftags&post=10419"}],"curies":[{"name":"wp","href":"https:\/\/api.w.org\/{rel}","templated":true}]}}