{"id":10422,"date":"2024-12-03T23:38:37","date_gmt":"2024-12-03T22:38:37","guid":{"rendered":"https:\/\/pasaenmendoza.com\/?p=10422"},"modified":"2024-12-03T23:38:37","modified_gmt":"2024-12-03T22:38:37","slug":"confirmaron-7-casos-de-dengue-en-mendoza-y-aseguraron-que-la-aparicion-del-virus-se-adelanto","status":"publish","type":"post","link":"https:\/\/pasaenmendoza.com\/?p=10422","title":{"rendered":"Confirmaron 7 casos de dengue en Mendoza y aseguraron que la aparici\u00f3n del virus se adelant\u00f3"},"content":{"rendered":"\n<p>La aparici\u00f3n de casos de\u00a0<strong>dengue<\/strong>\u00a0se adelant\u00f3 este a\u00f1o en\u00a0<strong>Mendoza.<\/strong>\u00a0As\u00ed lo confirmaron este martes desde el Ministerio de Salud. Los casos que comenzaban a registrarse a partir de febrero, ahora se detectaron en diciembre. Hasta el momento,<strong>\u00a0se registraron 501 casos de dengue sospechosos y 7 confirmados<\/strong>. De estos,\u00a0<strong>5 son aut\u00f3ctonos<\/strong>\u00a0y<strong>\u00a02 for\u00e1neos<\/strong>.<\/p>\n\n\n\n<p>Lo que pidieron desde Salud es que la gente incremente las medidas para evitar la propagaci\u00f3n de la enfermedad transmitida por el Aedes aegypti, el mosquito que contagia el<strong>&nbsp;dengue.<\/strong><\/p>\n\n\n\n<p>Otro de los problemas relacionados con el dengue, es<strong>\u00a0la falta de vacunas en las farmacias de Mendoza.\u00a0<\/strong>De hecho, desde el Gobierno afirmaron que hab\u00edan pedido 3.000, y s\u00f3lo les mandaron 100 desde la Naci\u00f3n.<\/p>\n\n\n\n<h2 class=\"wp-block-heading\">Qu\u00e9 medidas hay que tomar para prevenir el dengue<\/h2>\n\n\n\n<p>Desde la cartera sanitaria solicitaron que exista un mayor compromiso de la comunidad para evitar que se propague el dengue. Lo que remarcaron, principalmente, es que se deben&nbsp;<strong>eliminar los criaderos de mosquitos.<\/strong><\/p>\n\n\n\n<p>En este sentido, pusieron \u00e9nfasis en la<strong>&nbsp;eliminaci\u00f3n del agua estancada, en tachos, latas o neum\u00e1ticos<\/strong>. Tambi\u00e9n es necesario que la gente entienda que deben mantener patios y jardines, limpios, sin charcos de agua y sin malezas. Otro aspecto importante es no guardar agua en floreros u otros recipientes y colocar telas mosquiteras en rejillas y tanques.<\/p>\n\n\n\n<p>Adem\u00e1s, es importante y recomendable el\u00a0<strong>uso de repelente<\/strong>, tanto corporales como ambientales. Para prevenir picaduras, se recomienda utilizar ropa clara y de mangas largas, y colocar tela mosquitera, con especial atenci\u00f3n en el cuidado de beb\u00e9s y ni\u00f1os peque\u00f1os de las picaduras.<\/p>\n\n\n\n<h2 class=\"wp-block-heading\">S\u00edntomas del dengue y detalles de c\u00f3mo se transmite<\/h2>\n\n\n\n<p>Las se\u00f1ales de alarma que pueden resultar casos de&nbsp;<strong>dengue<\/strong>&nbsp;son la aparici\u00f3n de fiebre alta, dolor muscular, dolor detr\u00e1s de los ojos y articulaciones, n\u00e1useas y v\u00f3mitos y erupciones cut\u00e1neas. Ante cualquiera de estas se\u00f1ales, las autoridades piden no automedicarse y acudir de inmediato a un centro de salud.<\/p>\n\n\n\n<p>En cuanto al tratamiento, no incluye ninguna medicaci\u00f3n, excepto paracetamol para la fiebre. Adem\u00e1s, el consejo de beber mucho l\u00edquido para no deshidratarse.<\/p>\n\n\n\n<p>Hay que recordar que el mosquito Aedes aegypti es el \u00fanico transmisor del\u00a0<strong>dengue<\/strong>; la enfermedad no se contagia entre personas.<\/p>\n\n\n\n<p><strong>Fuente: www.diariouno.com.ar<\/strong><\/p>\n","protected":false},"excerpt":{"rendered":"<p>La aparici\u00f3n de casos de\u00a0dengue\u00a0se adelant\u00f3 este a\u00f1o en\u00a0Mendoza.\u00a0As\u00ed lo confirmaron este martes desde el Ministerio de Salud. Los casos que comenzaban a registrarse a partir de febrero, ahora se detectaron en diciembre. Hasta el momento,\u00a0se registraron 501 casos de dengue sospechosos y 7 confirmados. De estos,\u00a05 son aut\u00f3ctonos\u00a0y\u00a02 for\u00e1neos. Lo que pidieron desde Salud [&hellip;]<\/p>\n","protected":false},"author":2,"featured_media":10423,"comment_status":"open","ping_status":"open","sticky":false,"template":"","format":"standard","meta":[],"categories":[104],"tags":[],"_links":{"self":[{"href":"https:\/\/pasaenmendoza.com\/index.php?rest_route=\/wp\/v2\/posts\/10422"}],"collection":[{"href":"https:\/\/pasaenmendoza.com\/index.php?rest_route=\/wp\/v2\/posts"}],"about":[{"href":"https:\/\/pasaenmendoza.com\/index.php?rest_route=\/wp\/v2\/types\/post"}],"author":[{"embeddable":true,"href":"https:\/\/pasaenmendoza.com\/index.php?rest_route=\/wp\/v2\/users\/2"}],"replies":[{"embeddable":true,"href":"https:\/\/pasaenmendoza.com\/index.php?rest_route=%2Fwp%2Fv2%2Fcomments&post=10422"}],"version-history":[{"count":1,"href":"https:\/\/pasaenmendoza.com\/index.php?rest_route=\/wp\/v2\/posts\/10422\/revisions"}],"predecessor-version":[{"id":10424,"href":"https:\/\/pasaenmendoza.com\/index.php?rest_route=\/wp\/v2\/posts\/10422\/revisions\/10424"}],"wp:featuredmedia":[{"embeddable":true,"href":"https:\/\/pasaenmendoza.com\/index.php?rest_route=\/wp\/v2\/media\/10423"}],"wp:attachment":[{"href":"https:\/\/pasaenmendoza.com\/index.php?rest_route=%2Fwp%2Fv2%2Fmedia&parent=10422"}],"wp:term":[{"taxonomy":"category","embeddable":true,"href":"https:\/\/pasaenmendoza.com\/index.php?rest_route=%2Fwp%2Fv2%2Fcategories&post=10422"},{"taxonomy":"post_tag","embeddable":true,"href":"https:\/\/pasaenmendoza.com\/index.php?rest_route=%2Fwp%2Fv2%2Ftags&post=10422"}],"curies":[{"name":"wp","href":"https:\/\/api.w.org\/{rel}","templated":true}]}}