{"id":10428,"date":"2024-12-04T00:27:12","date_gmt":"2024-12-03T23:27:12","guid":{"rendered":"https:\/\/pasaenmendoza.com\/?p=10428"},"modified":"2024-12-04T00:27:13","modified_gmt":"2024-12-03T23:27:13","slug":"el-presidente-del-pro-considero-que-es-factible-destronar-a-cambia-mendoza-con-un-nuevo-frente","status":"publish","type":"post","link":"https:\/\/pasaenmendoza.com\/?p=10428","title":{"rendered":"El presidente del PRO consider\u00f3 que es factible destronar a Cambia Mendoza con un nuevo frente"},"content":{"rendered":"\n<p><strong>Gabriel Pradines<\/strong>, senador provincial y presidente del\u00a0<strong>PRO mendocino<\/strong>, se est\u00e1 reuniendo con dirigentes de toda la provincia porque tras la salida de su partido de\u00a0<strong>Cambia Mendoza<\/strong>\u00a0considera que &#8220;existe espacio para un frente&#8221; que salga a disputar la hegemon\u00eda del oficialismo.<\/p>\n\n\n\n<p>&#8220;En las \u00faltimas elecciones,\u00a0<strong>La Uni\u00f3n Mendocina<\/strong>\u00a0sac\u00f3 un tercio de los votos y eso no ocurri\u00f3 porque s\u00ed. Tiene una explicaci\u00f3n&#8221;, analiz\u00f3 Pradines.<\/p>\n\n\n\n<figure class=\"wp-block-image\"><img decoding=\"async\" src=\"https:\/\/media.diariouno.com.ar\/p\/fbe5067239b8639fdfbfaf8ef1de95ec\/adjuntos\/298\/imagenes\/009\/454\/0009454547\/1200x0\/smart\/gabriel-pradines-xjpg.jpg\" alt=\"Tras el quiebre con Cambia Mendoza, Pradines conf\u00eda en armar un frente que dispute la provincia. \" title=\"Tras el quiebre con Cambia Mendoza, Pradines conf\u00eda en armar un frente que dispute la provincia. \"\/><\/figure>\n\n\n\n<p>Tras el quiebre con Cambia Mendoza, Pradines conf\u00eda en armar un frente que dispute la provincia.<\/p>\n\n\n\n<p>El entrevistado sabe que,&nbsp;<strong>con el peronismo de capa ca\u00edda<\/strong>, se abre una diagonal para consolidar una opci\u00f3n opositora que no se identifique con Cornejo pero tampoco con&nbsp;<strong>&#8220;el populismo&#8221;<\/strong>&nbsp;que -para buena parte del electorado- qued\u00f3 asociado a las diversas vertientes justicialistas.<\/p>\n\n\n\n<h2 class=\"wp-block-heading\">La visi\u00f3n de Gabriel Pradines<\/h2>\n\n\n\n<p>&#8220;Mi sensaci\u00f3n -continu\u00f3 Pradines- es que&nbsp;<strong>Mendoza decidi\u00f3 no volver<\/strong>&nbsp;a un modelo que podr\u00edamos denominar populista-kirchnerista; y otro tanto pas\u00f3 a nivel nacional. La gente no quiere volver a eso y ves que en Guaymall\u00e9n, por ejemplo, el peronismo sali\u00f3 cuarto en las \u00faltimas elecciones&#8221;.<\/p>\n\n\n\n<p>En la conducci\u00f3n del\u00a0<strong>PRO<\/strong>\u00a0saben que\u00a0<strong>el fen\u00f3meno Milei tiene chances de gravitar en las elecciones de medio t\u00e9rmino<\/strong>. &#8220;\u00bfCu\u00e1l ser\u00eda, entonces, la explicaci\u00f3n para que\u00a0<strong>Cambia Mendoza<\/strong>\u00a0saque m\u00e1s votos el a\u00f1o que viene respecto a los que sac\u00f3 el a\u00f1o pasado?&#8221;, se pregunt\u00f3 el senador.<\/p>\n\n\n\n<p>En su c\u00e1lculo, si a ese fortalecimiento de las opciones cercanas a Milei se le suma el &#8220;voto \u00fatil&#8221; de quienes no quieren a Cornejo,&nbsp;<strong>&#8220;terminar\u00edamos ganando&#8221;<\/strong>.<\/p>\n\n\n\n<p><strong>-S\u00ed, pero el riesgo es que en esa din\u00e1mica, siguiendo procesos como los que se dieron en Brasil, la figura de Milei y su partido terminen desdibujando a las otras opciones de la derecha y el centro&#8230;<\/strong><\/p>\n\n\n\n<p>-Es uno de los desaf\u00edos que tiene el\u00a0<strong>PRO<\/strong>\u00a0a nivel nacional. Nuestro partido debe generar su propia alternativa pol\u00edtica y en todo caso a partir de ah\u00ed lograr como paso posterior el acompa\u00f1amiento de La Libertad Avanza, el Partido Libertario, etc\u00e9tera. Por otro lado,\u00a0<strong>van a ser elecciones muy locales<\/strong>. Por eso no veo factible que cualquier candidato de LLA vaya a sacar 30 puntos por s\u00ed solo. Tom\u00e1 el caso de Guaymall\u00e9n. Los vecinos saben que las opciones van a ser claras, opt\u00e1s por el oficialismo de Marcos Calvente (UCR) o vas por la oposici\u00f3n que representa el\u00a0<strong>PRO<\/strong>.<\/p>\n\n\n\n<p>Como antecedente, Pradines record\u00f3 que en los comicios previos a las presidenciales&nbsp;<strong>los candidatos que pretend\u00edan asociarse con Milei ten\u00edan desempe\u00f1os desiguales<\/strong>&nbsp;y en ocasiones sacaban muy pocos votos.<\/p>\n\n\n\n<p>Es cierto, con todo, que por entonces no exist\u00eda una estructura partidaria nacional para La Libertad Avanza: \u00bfinfluir\u00e1 ese factor ahora?&nbsp;<strong>Es una inc\u00f3gnita<\/strong>.<\/p>\n\n\n\n<h2 class=\"wp-block-heading\"><strong>&#8220;A la gente no le importan las disputas partidarias&#8221;<\/strong><\/h2>\n\n\n\n<p>Pradines opin\u00f3: &#8220;En definitiva, la gente&nbsp;<strong>vota a las personas<\/strong>, no le importan las disputas partidarias. As\u00ed que estamos centrados en&nbsp;<strong>conocernos con dirigentes de toda la provincia como hicimos el a\u00f1o pasado con LAUM<\/strong>, con vistas a un frente que d\u00e9 su primer paso en 2025 y vaya por la provincia en el 27&#8243;.<\/p>\n\n\n\n<p>El camino -cerr\u00f3 el&nbsp;<strong>presidente del PRO<\/strong>&#8211; pasa por<strong>&nbsp;no perder identidad<\/strong>. &#8220;Lo que importa es la presencia territorial, la gesti\u00f3n y lo representativos que sean los dirigentes. Desde ah\u00ed, desde la gesti\u00f3n y la representaci\u00f3n, es que vos despu\u00e9s gan\u00e1s espacios, y no al contrario. Es lo que vemos en Luj\u00e1n, donde somos gobierno&#8221;.<\/p>\n\n\n\n<p>Respecto a la fracci\u00f3n del\u00a0<strong>PRO local<\/strong>\u00a0que responde a la vicegobernadora Hebe Casado, Pradines -que milita cerca de\u00a0<strong>Omar De Marchi<\/strong>&#8211; no dud\u00f3 en bajarle el precio. &#8220;Son poquitos y est\u00e1n empleados en distintos municipios radicales&#8221;, chicane\u00f3.<\/p>\n\n\n\n<p><strong>Fuente: www.diariouno.com.ar<\/strong><\/p>\n","protected":false},"excerpt":{"rendered":"<p>Gabriel Pradines, senador provincial y presidente del\u00a0PRO mendocino, se est\u00e1 reuniendo con dirigentes de toda la provincia porque tras la salida de su partido de\u00a0Cambia Mendoza\u00a0considera que &#8220;existe espacio para un frente&#8221; que salga a disputar la hegemon\u00eda del oficialismo. &#8220;En las \u00faltimas elecciones,\u00a0La Uni\u00f3n Mendocina\u00a0sac\u00f3 un tercio de los votos y eso no ocurri\u00f3 [&hellip;]<\/p>\n","protected":false},"author":2,"featured_media":10429,"comment_status":"open","ping_status":"open","sticky":false,"template":"","format":"standard","meta":[],"categories":[47],"tags":[],"_links":{"self":[{"href":"https:\/\/pasaenmendoza.com\/index.php?rest_route=\/wp\/v2\/posts\/10428"}],"collection":[{"href":"https:\/\/pasaenmendoza.com\/index.php?rest_route=\/wp\/v2\/posts"}],"about":[{"href":"https:\/\/pasaenmendoza.com\/index.php?rest_route=\/wp\/v2\/types\/post"}],"author":[{"embeddable":true,"href":"https:\/\/pasaenmendoza.com\/index.php?rest_route=\/wp\/v2\/users\/2"}],"replies":[{"embeddable":true,"href":"https:\/\/pasaenmendoza.com\/index.php?rest_route=%2Fwp%2Fv2%2Fcomments&post=10428"}],"version-history":[{"count":1,"href":"https:\/\/pasaenmendoza.com\/index.php?rest_route=\/wp\/v2\/posts\/10428\/revisions"}],"predecessor-version":[{"id":10430,"href":"https:\/\/pasaenmendoza.com\/index.php?rest_route=\/wp\/v2\/posts\/10428\/revisions\/10430"}],"wp:featuredmedia":[{"embeddable":true,"href":"https:\/\/pasaenmendoza.com\/index.php?rest_route=\/wp\/v2\/media\/10429"}],"wp:attachment":[{"href":"https:\/\/pasaenmendoza.com\/index.php?rest_route=%2Fwp%2Fv2%2Fmedia&parent=10428"}],"wp:term":[{"taxonomy":"category","embeddable":true,"href":"https:\/\/pasaenmendoza.com\/index.php?rest_route=%2Fwp%2Fv2%2Fcategories&post=10428"},{"taxonomy":"post_tag","embeddable":true,"href":"https:\/\/pasaenmendoza.com\/index.php?rest_route=%2Fwp%2Fv2%2Ftags&post=10428"}],"curies":[{"name":"wp","href":"https:\/\/api.w.org\/{rel}","templated":true}]}}