{"id":1043,"date":"2023-08-30T13:27:32","date_gmt":"2023-08-30T11:27:32","guid":{"rendered":"https:\/\/pasaenmendoza.com\/?p=1043"},"modified":"2023-08-30T13:27:33","modified_gmt":"2023-08-30T11:27:33","slug":"cuenta-regresiva-siete-municipios-definen-su-futuro-en-medio-de-elucubraciones","status":"publish","type":"post","link":"https:\/\/pasaenmendoza.com\/?p=1043","title":{"rendered":"Cuenta regresiva: siete municipios definen su futuro en medio de elucubraciones"},"content":{"rendered":"\n<p>Este domingo habr\u00e1 comicios en San Carlos, San Rafael, Santa Rosa, Tunuy\u00e1n, Lavalle, La Paz y Maip\u00fa. El peronismo aspira a ganar en seis de ellos pero Cambia Mendoza no pierde la ilusi\u00f3n. De Marchi anhela festejar en San Carlos y todos piensan en las elecciones del 24 de septiembre.<\/p>\n\n\n\n<p>Los F\u00e9lix se juegan su continuidad en San Rafael. Jorge Difonso hizo una maniobra sorpresiva y propuso a un outsider en San Carlos.\u00a0<strong>Mat\u00edas Stevanato\u00a0<\/strong>quiere consolidar su liderazgo en Maip\u00fa. Mart\u00edn Aveiro encabeza la lista de concejales de Emir Andraos para reforzar sus posibilidades, Roberto Righi ya piensa en la transici\u00f3n con Edgardo Gonz\u00e1lez y tanto Flor Dest\u00e9fanis como Fernando Ubieta quieren retener sus comunas en manos del kirchnerismo. Pero expectantes, quienes esperan con ansiedad el resultado son los candidatos a la gobernaci\u00f3n\u00a0<strong>Alfredo Cornejo<\/strong>,<strong>\u00a0Omar De Marchi\u00a0<\/strong>y Omar Parisi.<\/p>\n\n\n\n<p>Parisi necesita que el peronismo se imponga en los seis municipios que conduce y que luego los seis intendentes lo apoyen en las elecciones del 24 de septiembre. Pero\u00a0<strong>Omar De Marchi<\/strong>\u00a0ya logr\u00f3 que germine su nuevo frente y el reciente desembarco de Roberto Righi en La Uni\u00f3n Mendocina\u00a0le abre la puerta a que otros caciques del PJ hagan lo mismo. Es decir, volcar su apoyo a De Marchi entendiendo que es el \u00fanico que puede derrotar a Cornejo en las urnas. Una debacle para la candidatura de Parisi. Enfrente, Alfredo Cornejo anhela un resultado inesperado en San Rafael, San Carlos o alg\u00fan otro municipio para poder evitar un domingo negro para Cambia Mendoza.<\/p>\n\n\n\n<p>Los oficialismos municipales llegan como favoritos a los comicios, pero el escenario est\u00e1 abierto. Un triunfo de Cambia Mendoza en cualquiera de los siete departamentos le servir\u00eda a Cornejo para ahuyentar los fantasmas que gener\u00f3 el triunfo arrollador de Javier Milei en las PASO nacionales. Pero hasta los m\u00e1s optimistas admiten que las posibilidades de que eso ocurra son bajas.<\/p>\n\n\n\n<p>En San Rafael son tres los candidatos que siguen en carrera. Omar F\u00e9lix intentar\u00e1 conservar el &#8220;emirato&#8221; mientras que el m\u00e9dico radical Abel Freidemberg ir\u00e1 por la revancha tras ser derrotado en 2019. La figura disruptiva es la del empresario Rodolfo Bianchi, apalancado por la ola libertaria de Javier Milei. Pero la persona que intent\u00f3 protagonizar la campa\u00f1a fue la compa\u00f1era de f\u00f3rmula de Cornejo, la sanrafaelina Hebe Casado. El peor escenario para Cambia Mendoza ser\u00eda un crecimiento de Bianchi en base a votos que en las PASO fueron para Cambia Mendoza.\u00a0<\/p>\n\n\n\n<p>La otra elecci\u00f3n que est\u00e1 llena de condimentos es la de San Carlos. All\u00ed Alejandro Morillas representa la carta del oficialismo sancarlino y cuenta con el respaldo de Jorge Difonso, socio fundador de La Uni\u00f3n Mendocina. Enfrente se cuadra como candidato el cu\u00f1ado de Alfredo Cornejo, Silvio Pannocchia, que hasta hace pocos meses form\u00f3 parte del oficialismo municipal. El peronismo lleva como aspirante al concejal Juanchi Torres mientras que en el Partido Verde se ilusionan con un batacazo de Marcelo Romano.\u00a0<\/p>\n\n\n\n<p>En Maip\u00fa Mat\u00edas Stevanato es el gran favorito luego de imponerse c\u00f3modamente en las PASO municipales y muchos ya se preguntan qu\u00e9 har\u00e1 el 4 de septiembre si es reelecto: \u00bfa qu\u00e9 Omar respaldar\u00e1?. Sin embargo, en las elecciones provinciales y nacionales los maipucinos castigaron al PJ por lo que el radical Mauricio Pinti Clop alberga una peque\u00f1a esperanza de dar vuelta el resultado. Para ello hizo campa\u00f1a junto a Luis Petri y Alfredo Cornejo, procurando provincializar la elecci\u00f3n. Similar es el caso de Claudia Carina C\u00f3rdoba, la docente libertaria que quiere hacer rugir Maip\u00fa.<\/p>\n\n\n\n<p>En Tunuy\u00e1n Mart\u00edn Aveiro quiere dejar atr\u00e1s el sabor amargo de las PASO nacionales donde encabez\u00f3 la boleta de diputados nacionales pero ni as\u00ed logr\u00f3 evitar el batacazo de Milei en su comuna. Aveiro es candidato a concejal de Emir Andraos, que solo tendr\u00e1 un rival en el cuarto oscuro. Se trata del m\u00e9dico y concejal Luis Manuel L\u00f3pez, que sum\u00f3 el respaldo del candidato Cristian Gottardini que se baj\u00f3 de la competencia pese a obtener 10 puntos en las PASO.<\/p>\n\n\n\n<p>En Santa Rosa y La Paz el kirchnerismo apuesta a renovar las conducciones de Flor Dest\u00e9fanis y Fernando Ubieta. Dentro del PJ existen cr\u00edticas hacia La C\u00e1mpora y la situaci\u00f3n que atraviesa el partido. Pero Ubieta es el \u00fanico que puede presumir que en su comuna el peronismo gan\u00f3 las PASO municipales, provinciales y nacionales. Pero el margen siempre fue escaso y en el cuarto oscuro ahora deber\u00e1 enfrentar al radical Ramiro Blanco.<\/p>\n\n\n\n<p>Dest\u00e9fanis es la presidenta del PJ y es favorita a la reelecci\u00f3n como intendenta pero para ello la Reina de la Vendimia mandato cumplido deber\u00e1 imponerse frente al &#8220;debutante&#8221; Leonardo Fern\u00e1ndez.<\/p>\n\n\n\n<p>Por \u00faltimo, Lavalle le pone fin a 22 a\u00f1os de intendencia de Roberto Righi. El diputado Edgardo Gonz\u00e1lez se impuso en las PASO frente al elegido de Righi, Gerardo Vaquer, y se perfila como su sucesor. En ese contexto, Roberto Righi sacudi\u00f3 el tablero y anunci\u00f3 su acercamiento a La Uni\u00f3n Mendocina apoyando la candidatura a gobernador de Omar De Marchi. Gonz\u00e1lez se mantuvo al margen de la decisi\u00f3n del intendente y est\u00e1 concentrado en la contienda en la que enfrentar\u00e1 al radical Lucas Luppo y a Betina Torrecilla.<\/p>\n\n\n\n<p>A menos de un mes de las elecciones provinciales, el resultado de los comicios departamentales inevitablemente impactar\u00e1 en la campa\u00f1a por la gobernaci\u00f3n. Porque el verdadero partido en Mendoza se juega el 24 de septiembre.<\/p>\n\n\n\n<p>FUENTE: Mdzonline.<\/p>\n","protected":false},"excerpt":{"rendered":"<p>Este domingo habr\u00e1 comicios en San Carlos, San Rafael, Santa Rosa, Tunuy\u00e1n, Lavalle, La Paz y Maip\u00fa. El peronismo aspira a ganar en seis de ellos pero Cambia Mendoza no pierde la ilusi\u00f3n. De Marchi anhela festejar en San Carlos y todos piensan en las elecciones del 24 de septiembre. Los F\u00e9lix se juegan su [&hellip;]<\/p>\n","protected":false},"author":2,"featured_media":1044,"comment_status":"open","ping_status":"open","sticky":true,"template":"","format":"standard","meta":[],"categories":[47],"tags":[],"_links":{"self":[{"href":"https:\/\/pasaenmendoza.com\/index.php?rest_route=\/wp\/v2\/posts\/1043"}],"collection":[{"href":"https:\/\/pasaenmendoza.com\/index.php?rest_route=\/wp\/v2\/posts"}],"about":[{"href":"https:\/\/pasaenmendoza.com\/index.php?rest_route=\/wp\/v2\/types\/post"}],"author":[{"embeddable":true,"href":"https:\/\/pasaenmendoza.com\/index.php?rest_route=\/wp\/v2\/users\/2"}],"replies":[{"embeddable":true,"href":"https:\/\/pasaenmendoza.com\/index.php?rest_route=%2Fwp%2Fv2%2Fcomments&post=1043"}],"version-history":[{"count":1,"href":"https:\/\/pasaenmendoza.com\/index.php?rest_route=\/wp\/v2\/posts\/1043\/revisions"}],"predecessor-version":[{"id":1045,"href":"https:\/\/pasaenmendoza.com\/index.php?rest_route=\/wp\/v2\/posts\/1043\/revisions\/1045"}],"wp:featuredmedia":[{"embeddable":true,"href":"https:\/\/pasaenmendoza.com\/index.php?rest_route=\/wp\/v2\/media\/1044"}],"wp:attachment":[{"href":"https:\/\/pasaenmendoza.com\/index.php?rest_route=%2Fwp%2Fv2%2Fmedia&parent=1043"}],"wp:term":[{"taxonomy":"category","embeddable":true,"href":"https:\/\/pasaenmendoza.com\/index.php?rest_route=%2Fwp%2Fv2%2Fcategories&post=1043"},{"taxonomy":"post_tag","embeddable":true,"href":"https:\/\/pasaenmendoza.com\/index.php?rest_route=%2Fwp%2Fv2%2Ftags&post=1043"}],"curies":[{"name":"wp","href":"https:\/\/api.w.org\/{rel}","templated":true}]}}