{"id":10431,"date":"2024-12-04T22:21:06","date_gmt":"2024-12-04T21:21:06","guid":{"rendered":"https:\/\/pasaenmendoza.com\/?p=10431"},"modified":"2024-12-04T22:21:07","modified_gmt":"2024-12-04T21:21:07","slug":"arancelamiento-universitario-para-extranjeros-que-hara-la-uncuyo","status":"publish","type":"post","link":"https:\/\/pasaenmendoza.com\/?p=10431","title":{"rendered":"Arancelamiento universitario para extranjeros: qu\u00e9 har\u00e1 la UNCuyo"},"content":{"rendered":"\n<p>Luego de que el Gobierno nacional anunciara que las universidades p\u00fablicas podr\u00e1n cobrar aranceles a estudiantes extranjeros, la Universidad Nacional de Cuyo (UNCuyo) se manifest\u00f3 al respecto, y explic\u00f3 que,\u00a0<strong>de no modificarse aspectos normativos, la medida no podr\u00e1 aplicarse.<\/strong><\/p>\n\n\n\n<p>Si bien afirmaron que existen tres maneras diferentes de medir cu\u00e1ntos\u00a0<strong>alumnos extranjeros<\/strong>\u00a0hay, indicaron que la \u201cm\u00e1s leg\u00edtima\u201d arroja que<strong>\u00a0en total son 122<\/strong>.<\/p>\n\n\n\n<p>\u201c<em>Para avanzar en el sentido sugerido por el Gobierno nacional, entendemos que deben modificarse tanto la normativa migratoria como la de educaci\u00f3n, y que la misma tiene algunos resguardos constitucionales que pueden, eventualmente, exigir su tratamiento en el Congreso e, incluso as\u00ed, ser objetadas en su constitucionalidad al violar principios de igual trato a migrantes y de gratuidad de la educaci\u00f3n<\/em>\u201c, manifestaron desde la UNCuyo a trav\u00e9s de un comunicado de prensa.<\/p>\n\n\n\n<p>De esta forma, confirmaron que,&nbsp;<strong>por el momento, no se aplicar\u00e1 en Mendoza el cobro a estudiantes provenientes de otros pa\u00edses.<\/strong><\/p>\n\n\n\n<p>Por otro lado, especificaron que los alumnos extranjeros que cursan estudios de posgrado, s\u00ed pagan aranceles hace a\u00f1os.<\/p>\n\n\n\n<h2 class=\"wp-block-heading\" id=\"h-el-aspecto-legal\">El aspecto legal<\/h2>\n\n\n\n<p>\u201c<em>Se va a disponer que las universidades nacionales&nbsp;puedan cobrar aranceles a los estudiantes extranjeros no residentes. Esto va a representar una&nbsp;fuente de financiamiento&nbsp;para las casas de estudio<\/em>\u201c, afirm\u00f3 este martes Manuel Adorni, vocero presidencial, en conferencia de prensa.<\/p>\n\n\n\n<p>Sin embargo, desde el espacio conducido por Esther S\u00e1nchez aclararon que,<strong>\u00a0previo a implementar la medida, deber\u00eda surgir una ley en el Congreso Nacional que lo avale.<\/strong><\/p>\n\n\n\n<p>Es que, seg\u00fan lo expuesto en el Art\u00edculo 75 de la Constituci\u00f3n Nacional, es competencia del Congreso sancionar leyes que reglamenten la organizaci\u00f3n de la educaci\u00f3n; y adem\u00e1s, dice expl\u00edcitamente que estas deben garantizar los principios de gratuidad de la misma.<\/p>\n\n\n\n<p>Un aspecto incluido en el Art\u00edculo 2 bis de la Ley de Educaci\u00f3n Superior, que establece que los estudios de grado en las instituciones de educaci\u00f3n superior de gesti\u00f3n estatal son gratuitos e implican la prohibici\u00f3n de establecer sobre ellos cualquier tipo de gravamen o arancel.<\/p>\n\n\n\n<h2 class=\"wp-block-heading\" id=\"h-cuantos-estudiantes-extranjeros-hay-en-la-uncuyo\">Cu\u00e1ntos estudiantes extranjeros hay en la UNCuyo<\/h2>\n\n\n\n<p>Con base en la forma \u201cm\u00e1s leg\u00edtima\u201d de medir\u00a0cu\u00e1ntos extranjeros llegan a Mendoza a estudiar,\u00a0que es viendo el pa\u00eds de procedencia de su t\u00edtulo secundario,<strong>\u00a0hay un total de 122 alumnos.<\/strong><\/p>\n\n\n\n<p>Por su parte, las otras dos maneras de contabilizarlo son: a trav\u00e9s del documento de identificaci\u00f3n personal o con estudiantes con grupos familiares que registren domicilio permanente fuera del pa\u00eds.<\/p>\n\n\n\n<p>Medidos as\u00ed,\u00a0<strong>la primera registra 914 estudiantes extranjeros, es decir el 2,7%<\/strong>; mientras que la segunda,\u00a0<strong>implica el 0.5%, con un total de 165<\/strong>.<\/p>\n\n\n\n<p><strong>Fuente: www.elsol.com.ar<\/strong><\/p>\n","protected":false},"excerpt":{"rendered":"<p>Luego de que el Gobierno nacional anunciara que las universidades p\u00fablicas podr\u00e1n cobrar aranceles a estudiantes extranjeros, la Universidad Nacional de Cuyo (UNCuyo) se manifest\u00f3 al respecto, y explic\u00f3 que,\u00a0de no modificarse aspectos normativos, la medida no podr\u00e1 aplicarse. Si bien afirmaron que existen tres maneras diferentes de medir cu\u00e1ntos\u00a0alumnos extranjeros\u00a0hay, indicaron que la \u201cm\u00e1s [&hellip;]<\/p>\n","protected":false},"author":2,"featured_media":10432,"comment_status":"open","ping_status":"open","sticky":false,"template":"","format":"standard","meta":[],"categories":[56],"tags":[],"_links":{"self":[{"href":"https:\/\/pasaenmendoza.com\/index.php?rest_route=\/wp\/v2\/posts\/10431"}],"collection":[{"href":"https:\/\/pasaenmendoza.com\/index.php?rest_route=\/wp\/v2\/posts"}],"about":[{"href":"https:\/\/pasaenmendoza.com\/index.php?rest_route=\/wp\/v2\/types\/post"}],"author":[{"embeddable":true,"href":"https:\/\/pasaenmendoza.com\/index.php?rest_route=\/wp\/v2\/users\/2"}],"replies":[{"embeddable":true,"href":"https:\/\/pasaenmendoza.com\/index.php?rest_route=%2Fwp%2Fv2%2Fcomments&post=10431"}],"version-history":[{"count":1,"href":"https:\/\/pasaenmendoza.com\/index.php?rest_route=\/wp\/v2\/posts\/10431\/revisions"}],"predecessor-version":[{"id":10433,"href":"https:\/\/pasaenmendoza.com\/index.php?rest_route=\/wp\/v2\/posts\/10431\/revisions\/10433"}],"wp:featuredmedia":[{"embeddable":true,"href":"https:\/\/pasaenmendoza.com\/index.php?rest_route=\/wp\/v2\/media\/10432"}],"wp:attachment":[{"href":"https:\/\/pasaenmendoza.com\/index.php?rest_route=%2Fwp%2Fv2%2Fmedia&parent=10431"}],"wp:term":[{"taxonomy":"category","embeddable":true,"href":"https:\/\/pasaenmendoza.com\/index.php?rest_route=%2Fwp%2Fv2%2Fcategories&post=10431"},{"taxonomy":"post_tag","embeddable":true,"href":"https:\/\/pasaenmendoza.com\/index.php?rest_route=%2Fwp%2Fv2%2Ftags&post=10431"}],"curies":[{"name":"wp","href":"https:\/\/api.w.org\/{rel}","templated":true}]}}