{"id":10434,"date":"2024-12-04T22:24:39","date_gmt":"2024-12-04T21:24:39","guid":{"rendered":"https:\/\/pasaenmendoza.com\/?p=10434"},"modified":"2024-12-04T22:24:40","modified_gmt":"2024-12-04T21:24:40","slug":"fiesta-de-la-cerveza-las-calles-que-estaran-cortadas-y-como-ingresar-al-predio","status":"publish","type":"post","link":"https:\/\/pasaenmendoza.com\/?p=10434","title":{"rendered":"Fiesta de la Cerveza: las calles que estar\u00e1n cortadas y c\u00f3mo ingresar al predio"},"content":{"rendered":"\n<p>Los d\u00edas jueves 5, viernes 6, s\u00e1bado 7 y domingo 8 de diciembre se realizar\u00e1 el vol. 17 de la\u00a0<strong>Fiesta Provincial de la Cerveza<\/strong>. Para organizar la llegada del p\u00fablico se dispusieron diferentes entradas, tanto peatonales como vehiculares, al Hip\u00f3dromo de Mendoza.<\/p>\n\n\n\n<p>Para el ingreso vehicular y el acceso al estacionamiento se dispondr\u00e1n\u00a0<strong>dos accesos, el sector Oeste por calle Montes de Oca\u00a0<\/strong>(se\u00f1alizados como P2 y P3)<strong>\u00a0y otros dos, sector Este, por el Corredor del Oeste\u00a0<\/strong>(se\u00f1alizados como P4 y P5)<strong>.<\/strong><\/p>\n\n\n\n<p><strong>El ingreso peatonal y a taquillas en el Hip\u00f3dromo se realizar\u00e1 \u00fanicamente por Montes de Oca&nbsp;<\/strong>(se\u00f1alizado como PA)<strong>.<\/strong><\/p>\n\n\n\n<figure class=\"wp-block-image\"><img decoding=\"async\" src=\"https:\/\/i0.wp.com\/newspack-elsol.s3.amazonaws.com\/wp-content\/uploads\/2024\/12\/estacionamiento-1-1.jpg?resize=622%2C624&amp;ssl=1\" alt=\"\" class=\"wp-image-2034699\"\/><\/figure>\n\n\n\n<h2 class=\"wp-block-heading\" id=\"h-como-seran-los-cortes-de-calle\">C\u00f3mo ser\u00e1n los cortes de calle<\/h2>\n\n\n\n<ul>\n<li><strong>Corredor del Oeste, entre Carola Lorenzini y Gorriti.<\/strong><\/li>\n\n\n\n<li><strong>Armani, entre Corredor del Oeste y Montes de Oca.<\/strong><\/li>\n\n\n\n<li>Mano de Sur a Norte de\u00a0<strong>Montes de Oca<\/strong>, entre\u00a0<strong>Armani y Pedernera.<\/strong><\/li>\n<\/ul>\n\n\n\n<h3 class=\"wp-block-heading\" id=\"h-que-lineas-de-colectivo-te-dejaran-en-la-fiesta-de-la-cerveza\">Qu\u00e9 l\u00edneas de colectivo te dejar\u00e1n en la Fiesta de la Cerveza<\/h3>\n\n\n\n<ul>\n<li><strong>L\u00ednea 309<\/strong>&nbsp;Barrio Municipal \u2013 Centro \u2013 Barrio Vandor, apertura Barrio Sol y Sierra. Cobertura del servicio: Ciudad y Las Heras.&nbsp;<\/li>\n\n\n\n<li><strong>L\u00ednea 310<\/strong>&nbsp;Barrio Municipal \u2013 Centro \u2013 Barrio Vandor. Cobertura del servicio: Ciudad y Las Heras.<\/li>\n\n\n\n<li><strong>L\u00ednea 441<\/strong>&nbsp;Barrios SUPE \u2013 San Ignacio \u2013 Judicial \u2013 Centro. Cobertura del servicio: Ciudad.<\/li>\n\n\n\n<li><strong>L\u00ednea 442&nbsp;<\/strong>Barrios SUPE \u2013 San Ignacio \u2013 Judicial \u2013 Centro \u2013 apertura Los Barrancos. Cobertura del servicio: Ciudad.<\/li>\n\n\n\n<li><strong>L\u00ednea 443&nbsp;<\/strong>Barrios SUPE \u2013 Batalla del Pilar \u2013 por Plaza Godoy Cruz. Cobertura del servicio: Godoy Cruz.<\/li>\n\n\n\n<li><strong>L\u00ednea 532<\/strong>&nbsp;Guaymall\u00e9n \u2013 Godoy Cruz por Av. San Mart\u00edn. Cobertura del servicio: Ciudad, Godoy Cruz y Guaymall\u00e9n.<\/li>\n\n\n\n<li><strong>L\u00ednea 533<\/strong>&nbsp;Guaymall\u00e9n \u2013 Godoy Cruz por Hospital Lencinas. Cobertura del servicio: Ciudad, Godoy Cruz y Guaymall\u00e9n.<\/li>\n\n\n\n<li><strong>L\u00ednea 730&nbsp;<\/strong>Barrios Beghin \u2013 La Estanzuela \u2013 UNCuyo. Cobertura del servicio: Godoy Cruz y Luj\u00e1n.<\/li>\n\n\n\n<li><strong>L\u00ednea 731&nbsp;<\/strong>Barrios Beghin \u2013 La Estanzuela por Av. Libertadores. Cobertura del servicio: Godoy Cruz y Luj\u00e1n.<\/li>\n\n\n\n<li><strong>L\u00ednea 914<\/strong>&nbsp;Barrio Santa Ana \u2013 Casa de Gobierno \u2013 Barrio Sol y Sierra. Cobertura del servicio: Ciudad y Guaymall\u00e9n.<\/li>\n\n\n\n<li><strong>L\u00ednea 915<\/strong>\u00a0Barrio Santa Ana \u2013 Casa de Gobierno \u2013 Barrio Sol y Sierra \u2013 apertura Barrio Sol y Esperanza. Cobertura del servicio: Ciudad y Guaymall\u00e9n.<\/li>\n<\/ul>\n\n\n\n<p><strong>Fuente: www.elsol.com.ar<\/strong><\/p>\n","protected":false},"excerpt":{"rendered":"<p>Los d\u00edas jueves 5, viernes 6, s\u00e1bado 7 y domingo 8 de diciembre se realizar\u00e1 el vol. 17 de la\u00a0Fiesta Provincial de la Cerveza. Para organizar la llegada del p\u00fablico se dispusieron diferentes entradas, tanto peatonales como vehiculares, al Hip\u00f3dromo de Mendoza. Para el ingreso vehicular y el acceso al estacionamiento se dispondr\u00e1n\u00a0dos accesos, el [&hellip;]<\/p>\n","protected":false},"author":2,"featured_media":10435,"comment_status":"open","ping_status":"open","sticky":false,"template":"","format":"standard","meta":[],"categories":[50],"tags":[],"_links":{"self":[{"href":"https:\/\/pasaenmendoza.com\/index.php?rest_route=\/wp\/v2\/posts\/10434"}],"collection":[{"href":"https:\/\/pasaenmendoza.com\/index.php?rest_route=\/wp\/v2\/posts"}],"about":[{"href":"https:\/\/pasaenmendoza.com\/index.php?rest_route=\/wp\/v2\/types\/post"}],"author":[{"embeddable":true,"href":"https:\/\/pasaenmendoza.com\/index.php?rest_route=\/wp\/v2\/users\/2"}],"replies":[{"embeddable":true,"href":"https:\/\/pasaenmendoza.com\/index.php?rest_route=%2Fwp%2Fv2%2Fcomments&post=10434"}],"version-history":[{"count":1,"href":"https:\/\/pasaenmendoza.com\/index.php?rest_route=\/wp\/v2\/posts\/10434\/revisions"}],"predecessor-version":[{"id":10436,"href":"https:\/\/pasaenmendoza.com\/index.php?rest_route=\/wp\/v2\/posts\/10434\/revisions\/10436"}],"wp:featuredmedia":[{"embeddable":true,"href":"https:\/\/pasaenmendoza.com\/index.php?rest_route=\/wp\/v2\/media\/10435"}],"wp:attachment":[{"href":"https:\/\/pasaenmendoza.com\/index.php?rest_route=%2Fwp%2Fv2%2Fmedia&parent=10434"}],"wp:term":[{"taxonomy":"category","embeddable":true,"href":"https:\/\/pasaenmendoza.com\/index.php?rest_route=%2Fwp%2Fv2%2Fcategories&post=10434"},{"taxonomy":"post_tag","embeddable":true,"href":"https:\/\/pasaenmendoza.com\/index.php?rest_route=%2Fwp%2Fv2%2Ftags&post=10434"}],"curies":[{"name":"wp","href":"https:\/\/api.w.org\/{rel}","templated":true}]}}