{"id":10440,"date":"2024-12-04T22:38:58","date_gmt":"2024-12-04T21:38:58","guid":{"rendered":"https:\/\/pasaenmendoza.com\/?p=10440"},"modified":"2024-12-04T22:38:59","modified_gmt":"2024-12-04T21:38:59","slug":"el-gobierno-decidio-mantener-el-precio-de-la-rto-tras-la-sancion-de-avaluo-e-impositiva","status":"publish","type":"post","link":"https:\/\/pasaenmendoza.com\/?p=10440","title":{"rendered":"El Gobierno decidi\u00f3 mantener el precio de la RTO tras la sanci\u00f3n de Aval\u00fao e Impositiva"},"content":{"rendered":"\n<p>Al aprobarse la nueva\u00a0<strong>Ley de Aval\u00fao e Impositiva<\/strong>, el Gobierno de Mendoza ajust\u00f3 este mi\u00e9rcoles el c\u00e1lculo para la actualizaci\u00f3n de la\u00a0<strong>Revisi\u00f3n T\u00e9cnica Veh\u00edcular<\/strong>. Sin embargo, en Mendoza no se sentir\u00e1 el impacto.<\/p>\n\n\n\n<p>El Gobierno modific\u00f3 el monto de la\u00a0<strong>Unidad Fiscal (UF),\u00a0<\/strong>que es el que determina el valor, pero como ya lo hab\u00eda anticipado el director de la Agencia de Seguridad Vial,\u00a0<strong>Orlando Corval\u00e1n<\/strong>, se intervino para que no haya cambios.<\/p>\n\n\n\n<h2 class=\"wp-block-heading\"><strong>El detalle de la tarifaria actual que se mantendr\u00e1 en Mendoza<\/strong><\/h2>\n\n\n\n<ul>\n<li>&nbsp;<strong>Motos&nbsp;<\/strong>hasta 300cc:<strong><\/strong>&nbsp;hasta&nbsp;<strong>$11.688&nbsp;<\/strong>(23 UF + IVA incluido).<\/li>\n\n\n\n<li><strong>Motos&nbsp;<\/strong>de m\u00e1s de 300cc:&nbsp;<strong>$21.344<\/strong>&nbsp;(42 UF + IVA) incluido.<\/li>\n\n\n\n<li><strong>Autos<\/strong>:&nbsp;<strong>$31.000<\/strong>&nbsp;(61 UF + IVA incluido).<\/li>\n\n\n\n<li><strong>Camionetas<\/strong>:&nbsp;<strong>$34.049<\/strong>&nbsp;(67 UF + IVA incluido).<\/li>\n\n\n\n<li><strong>Camiones<\/strong>:\u00a0<strong>$42.180<\/strong>\u00a0(83 UF + IVA incluido).<\/li>\n<\/ul>\n\n\n\n<p><strong>Fuente: www.diariouno.com.ar<\/strong><\/p>\n","protected":false},"excerpt":{"rendered":"<p>Al aprobarse la nueva\u00a0Ley de Aval\u00fao e Impositiva, el Gobierno de Mendoza ajust\u00f3 este mi\u00e9rcoles el c\u00e1lculo para la actualizaci\u00f3n de la\u00a0Revisi\u00f3n T\u00e9cnica Veh\u00edcular. Sin embargo, en Mendoza no se sentir\u00e1 el impacto. El Gobierno modific\u00f3 el monto de la\u00a0Unidad Fiscal (UF),\u00a0que es el que determina el valor, pero como ya lo hab\u00eda anticipado el [&hellip;]<\/p>\n","protected":false},"author":2,"featured_media":10441,"comment_status":"open","ping_status":"open","sticky":false,"template":"","format":"standard","meta":[],"categories":[86],"tags":[],"_links":{"self":[{"href":"https:\/\/pasaenmendoza.com\/index.php?rest_route=\/wp\/v2\/posts\/10440"}],"collection":[{"href":"https:\/\/pasaenmendoza.com\/index.php?rest_route=\/wp\/v2\/posts"}],"about":[{"href":"https:\/\/pasaenmendoza.com\/index.php?rest_route=\/wp\/v2\/types\/post"}],"author":[{"embeddable":true,"href":"https:\/\/pasaenmendoza.com\/index.php?rest_route=\/wp\/v2\/users\/2"}],"replies":[{"embeddable":true,"href":"https:\/\/pasaenmendoza.com\/index.php?rest_route=%2Fwp%2Fv2%2Fcomments&post=10440"}],"version-history":[{"count":1,"href":"https:\/\/pasaenmendoza.com\/index.php?rest_route=\/wp\/v2\/posts\/10440\/revisions"}],"predecessor-version":[{"id":10442,"href":"https:\/\/pasaenmendoza.com\/index.php?rest_route=\/wp\/v2\/posts\/10440\/revisions\/10442"}],"wp:featuredmedia":[{"embeddable":true,"href":"https:\/\/pasaenmendoza.com\/index.php?rest_route=\/wp\/v2\/media\/10441"}],"wp:attachment":[{"href":"https:\/\/pasaenmendoza.com\/index.php?rest_route=%2Fwp%2Fv2%2Fmedia&parent=10440"}],"wp:term":[{"taxonomy":"category","embeddable":true,"href":"https:\/\/pasaenmendoza.com\/index.php?rest_route=%2Fwp%2Fv2%2Fcategories&post=10440"},{"taxonomy":"post_tag","embeddable":true,"href":"https:\/\/pasaenmendoza.com\/index.php?rest_route=%2Fwp%2Fv2%2Ftags&post=10440"}],"curies":[{"name":"wp","href":"https:\/\/api.w.org\/{rel}","templated":true}]}}