{"id":10446,"date":"2024-12-05T23:13:18","date_gmt":"2024-12-05T22:13:18","guid":{"rendered":"https:\/\/pasaenmendoza.com\/?p=10446"},"modified":"2024-12-05T23:13:19","modified_gmt":"2024-12-05T22:13:19","slug":"confirmaron-que-el-mendocino-julio-le-parc-recibira-el-gran-premio-2024-del-fondo-nacional-de-las-artes","status":"publish","type":"post","link":"https:\/\/pasaenmendoza.com\/?p=10446","title":{"rendered":"Confirmaron que el mendocino Julio Le Parc recibir\u00e1 el Gran Premio 2024 del Fondo Nacional de las Artes"},"content":{"rendered":"\n<p>A lo largo de su vasta y larga trayectoria, de alcance internacional, el mendocino\u00a0<strong>Julio Le Parc<\/strong>\u00a0ha recibido algunas de las m\u00e1ximas distinciones en el mundo art\u00edstico. Y ahora le lleg\u00f3 el momento de recibir el\u00a0<strong>Gran Premio 2024 del Fondo Nacional de las Artes (FNA)<\/strong>\u00a0en su pa\u00eds natal.<\/p>\n\n\n\n<p>As\u00ed lo anunci\u00f3 el organismo dependiente del gobierno argentino, que cada a\u00f1o otorga reconocimientos a quienes, con su labor creativa, han realizado&nbsp;<strong>aportes al desarrollo de la cultura<\/strong>. La ceremonia de premiaci\u00f3n se realizar\u00e1 el pr\u00f3ximo viernes 13 en el Museo Nacional de Arte Decorativo de la Ciudad de Buenos Aires.<\/p>\n\n\n\n<p>El maestro de las artes visuales\u00a0<strong>Julio Le Parc<\/strong>, quien lleva d\u00e9cadas radicado en Par\u00eds, Francia,\u00a0<strong>no viajar\u00e1 para asistir al evento<\/strong>.<\/p>\n\n\n\n<p>Los tradicionales galardones del FNA reconocen la carrera de aristas visuales, esc\u00e9nicos, m\u00fasicos y realizadores audiovisuales.\u00a0<strong>Hace m\u00e1s de 60 a\u00f1os que se premia a figuras de las artes argentinas<\/strong>, y este 2024 ser\u00e1n 10 los distinguidos por su trayectoria.<\/p>\n\n\n\n<p>Estos premios tienen un r\u00e9dito econ\u00f3mico para los galardonados.&nbsp;<strong>El mendocino Julio Le Parc se alzar\u00e1 con $2 millones.<\/strong>&nbsp;En tanto, los restantes 9 seleccionados que recibir\u00e1n el Premio a la Trayectoria les significar\u00e1 quedarse con $1 mill\u00f3n cada uno.<\/p>\n\n\n\n<h2 class=\"wp-block-heading\">La vigencia de Julio Le Parc a sus 96 a\u00f1os<\/h2>\n\n\n\n<p><strong>Julio Le Parc<\/strong>&nbsp;naci\u00f3 el 23 de septiembre de 1928. Transcurri\u00f3 toda su infancia y adolescencia en Palmira, distrito de San Mart\u00edn. Es&nbsp;<strong>uno de los pioneros del arte cin\u00e9tico y \u00f3ptico<\/strong>, con una obra centrada en la exploraci\u00f3n de los efectos visuales, el movimiento y la participaci\u00f3n activa del espectador.<\/p>\n\n\n\n<p>En 1942 comenz\u00f3 su formaci\u00f3n art\u00edstica en la Escuela Provincial de Bellas Artes. Sin embargo, en 1947 abandon\u00f3 los estudios debido a&nbsp;<strong>su rechazo por las estructuras acad\u00e9micas r\u00edgidas<\/strong>. En 1955 volvi\u00f3 a la academia y particip\u00f3 activamente en movimientos estudiantiles que promov\u00edan reformas en la ense\u00f1anza art\u00edstica.<\/p>\n\n\n\n<p>La rese\u00f1a del\u00a0<strong>Fondo Nacional de las Artes<\/strong>\u00a0destaca de la vida de Le Parc cuando en 1958 obtuvo una\u00a0<strong>beca del Servicio Cultural Franc\u00e9s<\/strong>\u00a0que le permiti\u00f3 viajar a Par\u00eds, marcando el inicio de su carrera internacional y su primer v\u00ednculo con la ciudad que m\u00e1s tarde elegir\u00eda como propia para vivir.<\/p>\n\n\n\n<p>En la capital francesa desarroll\u00f3 investigaciones sobre la percepci\u00f3n visual y el movimiento, &#8220;trabajando con secuencias y progresiones que generaban efectos \u00f3pticos innovadores&#8221;, destacan desde el FNA, as\u00ed como la fundaci\u00f3n del&nbsp;<strong>Groupe de Recherche d\u2019Art Visuel<\/strong>&nbsp;<strong>(GRAV)<\/strong>, un colectivo de artistas visuales dedicado a explorar nuevas formas de interacci\u00f3n entre el arte y el p\u00fablico, rompiendo con las tradiciones elitistas.<\/p>\n\n\n\n<p><strong>En 1966 gan\u00f3 el Gran Premio Internacional de Pintura en la Bienal de Venecia, consolidando su lugar en la escena art\u00edstica global.<\/strong><\/p>\n\n\n\n<p>&#8220;Su obra se caracteriza por un<strong>\u00a0enfoque experimental y participativo<\/strong>, con investigaciones que abarcan la luz, el color y la percepci\u00f3n. Entre sus t\u00e9cnicas destacadas est\u00e1n la proyecci\u00f3n de luz m\u00f3vil y la descomposici\u00f3n del plano en formas tridimensionales, lo que genera\u00a0<strong>experiencias inmersivas<\/strong>\u00a0para el espectador&#8221;, describen de este modo el arte \u00fanico de Le Parc que lo lleva a ganar un nuevo premio a sus 96 a\u00f1os de vida.<\/p>\n\n\n\n<h2 class=\"wp-block-heading\">El arte de Julio Le Parc, m\u00e1s vivo que nunca<\/h2>\n\n\n\n<p>La influencia del artista mendocino&nbsp;<strong>Julio Le Parc<\/strong>&nbsp;se extiende a nivel mundial y ha participado en numerosas exposiciones individuales y colectivas.&nbsp;<strong>Su legado sigue vivo&nbsp;<\/strong>a trav\u00e9s de exhibiciones y proyectos que enriquecen con su impacto en el arte contempor\u00e1neo.<\/p>\n\n\n\n<p>De hecho, recientemente&nbsp;<strong>inaugur\u00f3 una muestra con 80 obras suyas en el<\/strong>&nbsp;<strong>Palacio de las Papesas de Siena<\/strong>&nbsp;al norte de Italia.<\/p>\n\n\n\n<p>Adem\u00e1s, su obra de 1966 &#8220;Espejos&#8221;, acaba de ser expuesta en la\u00a0<strong>Tate Modern de Londres\u00a0<\/strong>as\u00ed como ha formado parte de las m\u00e1s importantes galer\u00edas de arte del mundo. En sus redes,\u00a0<strong>Le Parc se muestra activo<\/strong>, trabajando en su estudio siempre con nuevos proyectos de artes visuales.<\/p>\n\n\n\n<h2 class=\"wp-block-heading\">Las personalidades distinguidas este a\u00f1o, adem\u00e1s de Julio Le Parc<\/h2>\n\n\n\n<p>Entre el resto de las personalidades que por su contribuci\u00f3n a la identidad cultural del pa\u00eds recibir\u00e1n el&nbsp;<strong>Premio a la Trayectoria del FNA&nbsp;<\/strong>hay arquitectos, teatristas, cineastas y artistas pl\u00e1sticos.<\/p>\n\n\n\n<p>Ellos son: el arquitecto&nbsp;<strong>Roberto Aisenson<\/strong>, el artista&nbsp;<strong>Jacques Bedel<\/strong>, la hist\u00f3rica directora del Taller de Danza Contempor\u00e1nea del Teatro San Mart\u00edn&nbsp;<strong>Norma Binaghi<\/strong>, el escritor&nbsp;<strong>Marcelo Birmajer<\/strong>, el m\u00fasico y director de orquesta entrerriano&nbsp;<strong>Pedro Ignacio Calder\u00f3n<\/strong>, el arquitecto y patrimonialista&nbsp;<strong>Alberto Petrina<\/strong>, la artesana cordobesa&nbsp;<strong>Mar\u00eda Mirtha Presas<\/strong>, el cineasta&nbsp;<strong>Luis Puenzo<\/strong>&nbsp;y la directora y dramaturga&nbsp;<strong>Helena Tritek<\/strong>.<\/p>\n\n\n\n<p>El Gran Premio FNA y los&nbsp;<strong>Premios a la Trayectoria Art\u00edstica<\/strong>&nbsp;son distinciones anuales que el&nbsp;<strong>Fondo Nacional de las Artes<\/strong>, organismo de la Secretar\u00eda de Cultura de la Naci\u00f3n, otorga a quienes, con su labor creativa, han realizado aportes extraordinarios al desarrollo de la cultura argentina.<\/p>\n\n\n\n<p><strong>Esta edici\u00f3n de los premios del Fondo Nacional de las Artes otorga 1 mill\u00f3n de pesos a cada ganador y 2 millones al Gran Premio, un total de 11 millones de pesos.<\/strong><\/p>\n\n\n\n<p>\u201cRepasar la lista de nombres que han recibido estos premios, desde&nbsp;<strong>Jorge Luis Borges<\/strong>&nbsp;en 1963, es impactante. Entre ellos,&nbsp;<strong>hay figuras que conmovieron al p\u00fablico<\/strong>&nbsp;desde el teatro, la m\u00fasica, el cine, la literatura y el arte, y otras con trayectorias menos visibles, pero igualmente significativas para el campo cultural\u201d, sostuvo el secretario de Cultura de la Naci\u00f3n,&nbsp;<strong>Leonardo Cifelli<\/strong>, al anunciar los distinguidos en esta edici\u00f3n 2024.<\/p>\n\n\n\n<p>Mientras que el presidente del Fondo Nacional de las Artes,\u00a0<strong>Tulio Andreussi Guzm\u00e1n<\/strong>, se\u00f1al\u00f3: \u201cEsta edici\u00f3n renueva nuestro compromiso con aquellas personalidades que enriquecen y mantienen viva la\u00a0<strong>cultura nacional<\/strong>. Una vez m\u00e1s, los Premios Trayectoria celebran el talento y el incansable trabajo que llevaron y llevan adelante quienes hoy resultan galardonados\u201d.<\/p>\n\n\n\n<p>Emilio Pettoruti, Armando Disc\u00e9polo, Tita Merello, Quinquela Mart\u00edn, el Cuchi Leguizam\u00f3n, Griselda Gambaro, Ricardo Piglia, Mar\u00eda Elena Walsh, Enrique Cad\u00edcamo, Silvina Ocampo, Marco Denevi, Le\u00f3n Gieco, Mauricio Kart\u00fan, Susana Rinaldi, Le\u00f3n Ferrari, Eduardo Fal\u00fa y Ang\u00e9lica Gorodischer; son s\u00f3lo algunas de las figuras reconocidas con estos premios por el&nbsp;<strong>Fondo Nacional de las Artes<\/strong>.<\/p>\n\n\n\n<p>De Mendoza, el primer homenajeado por el FNA fue\u00a0<strong>Leonardo Favio<\/strong>, quien en una de sus primeras ediciones recibi\u00f3 el Premio a la Trayectoria Art\u00edstica. En 2020, a\u00f1o de la pandemia, otorgaron el\u00a0<strong>Premio Especial Post Mortem a Quino<\/strong>\u00a0(Joaqu\u00edn Lavado), otro inolvidable artista mendocino, creador de Mafalda.<\/p>\n\n\n\n<p><strong>Fuente: www.diariouno.com.ar<\/strong><\/p>\n","protected":false},"excerpt":{"rendered":"<p>A lo largo de su vasta y larga trayectoria, de alcance internacional, el mendocino\u00a0Julio Le Parc\u00a0ha recibido algunas de las m\u00e1ximas distinciones en el mundo art\u00edstico. Y ahora le lleg\u00f3 el momento de recibir el\u00a0Gran Premio 2024 del Fondo Nacional de las Artes (FNA)\u00a0en su pa\u00eds natal. As\u00ed lo anunci\u00f3 el organismo dependiente del gobierno [&hellip;]<\/p>\n","protected":false},"author":2,"featured_media":10447,"comment_status":"open","ping_status":"open","sticky":false,"template":"","format":"standard","meta":[],"categories":[50],"tags":[],"_links":{"self":[{"href":"https:\/\/pasaenmendoza.com\/index.php?rest_route=\/wp\/v2\/posts\/10446"}],"collection":[{"href":"https:\/\/pasaenmendoza.com\/index.php?rest_route=\/wp\/v2\/posts"}],"about":[{"href":"https:\/\/pasaenmendoza.com\/index.php?rest_route=\/wp\/v2\/types\/post"}],"author":[{"embeddable":true,"href":"https:\/\/pasaenmendoza.com\/index.php?rest_route=\/wp\/v2\/users\/2"}],"replies":[{"embeddable":true,"href":"https:\/\/pasaenmendoza.com\/index.php?rest_route=%2Fwp%2Fv2%2Fcomments&post=10446"}],"version-history":[{"count":1,"href":"https:\/\/pasaenmendoza.com\/index.php?rest_route=\/wp\/v2\/posts\/10446\/revisions"}],"predecessor-version":[{"id":10448,"href":"https:\/\/pasaenmendoza.com\/index.php?rest_route=\/wp\/v2\/posts\/10446\/revisions\/10448"}],"wp:featuredmedia":[{"embeddable":true,"href":"https:\/\/pasaenmendoza.com\/index.php?rest_route=\/wp\/v2\/media\/10447"}],"wp:attachment":[{"href":"https:\/\/pasaenmendoza.com\/index.php?rest_route=%2Fwp%2Fv2%2Fmedia&parent=10446"}],"wp:term":[{"taxonomy":"category","embeddable":true,"href":"https:\/\/pasaenmendoza.com\/index.php?rest_route=%2Fwp%2Fv2%2Fcategories&post=10446"},{"taxonomy":"post_tag","embeddable":true,"href":"https:\/\/pasaenmendoza.com\/index.php?rest_route=%2Fwp%2Fv2%2Ftags&post=10446"}],"curies":[{"name":"wp","href":"https:\/\/api.w.org\/{rel}","templated":true}]}}