{"id":10459,"date":"2024-12-06T15:07:14","date_gmt":"2024-12-06T14:07:14","guid":{"rendered":"https:\/\/pasaenmendoza.com\/?p=10459"},"modified":"2024-12-06T15:07:15","modified_gmt":"2024-12-06T14:07:15","slug":"el-tiempo-en-mendoza-el-viernes-hay-un-alivio-pero-se-mantiene-el-alerta-por-vientos","status":"publish","type":"post","link":"https:\/\/pasaenmendoza.com\/?p=10459","title":{"rendered":"El tiempo en Mendoza: el viernes hay un alivio, pero se mantiene el alerta por vientos"},"content":{"rendered":"\n<p>La&nbsp;<strong>temperatura m\u00e1xima<\/strong>&nbsp;para este viernes estar\u00e1 por debajo de los 30 grados: se esperan&nbsp;<strong>28 grados cent\u00edgrados<\/strong>. Y la&nbsp;<strong>m\u00ednima seguir\u00e1 alta: 18 grados.<\/strong><\/p>\n\n\n\n<p>El pron\u00f3stico de la<strong>&nbsp;Direcci\u00f3n de Contingencias Clim\u00e1ticas&nbsp;<\/strong>adelant\u00f3 un alivio para empezar el fin de semana, ya que estar\u00e1 \u201c<em>parcialmente nublado con descenso de la temperatura, vientos moderados del sudeste<\/em>\u201c.<\/p>\n\n\n\n<p>Pero tambi\u00e9n estar\u00e1 \u201c<em>inestable el sur provincial<\/em>\u201c.<\/p>\n\n\n\n<p>Para los que crucen a Chile, tienen que saber que estar\u00e1 \u201cparcialmente nublado en cordillera\u201d.<\/p>\n\n\n\n<h2 class=\"wp-block-heading\" id=\"h-alerta-por-vientos\">Alerta por vientos<\/h2>\n\n\n\n<p>Por otro lado, el&nbsp;<strong>Servicio Meteorol\u00f3gico Nacional<\/strong>&nbsp;mantiene el&nbsp;<strong>alerta en nivel amarillo<\/strong>&nbsp;por&nbsp;<strong>vientos<\/strong>&nbsp;para estas zonas en la noche del viernes:&nbsp;<strong>Jun\u00edn, Rivadavia, Valles de Luj\u00e1n de Cuyo, Valles de San Carlos, Valles de Tunuy\u00e1n y Valles de Tupungato.<\/strong><\/p>\n\n\n\n<p>Tambi\u00e9n para\u00a0<strong>General Alvear, la zona baja de San Rafael y la zona baja de Malarg\u00fce, pero en este caso entre la tarde y noche.<\/strong><\/p>\n\n\n\n<p>El aviso implica que \u201c<em>el \u00e1rea ser\u00e1 afectada por vientos del sector sur con velocidades entre 35 y 50 kil\u00f3metros por hora y r\u00e1fagas que pueden superar los 70 kil\u00f3metros por hora<\/em>\u201c.<\/p>\n\n\n\n<p><strong>Fuente: www.elsol.com.ar<\/strong><\/p>\n","protected":false},"excerpt":{"rendered":"<p>La&nbsp;temperatura m\u00e1xima&nbsp;para este viernes estar\u00e1 por debajo de los 30 grados: se esperan&nbsp;28 grados cent\u00edgrados. Y la&nbsp;m\u00ednima seguir\u00e1 alta: 18 grados. El pron\u00f3stico de la&nbsp;Direcci\u00f3n de Contingencias Clim\u00e1ticas&nbsp;adelant\u00f3 un alivio para empezar el fin de semana, ya que estar\u00e1 \u201cparcialmente nublado con descenso de la temperatura, vientos moderados del sudeste\u201c. Pero tambi\u00e9n estar\u00e1 \u201cinestable el [&hellip;]<\/p>\n","protected":false},"author":2,"featured_media":10460,"comment_status":"open","ping_status":"open","sticky":false,"template":"","format":"standard","meta":[],"categories":[52],"tags":[],"_links":{"self":[{"href":"https:\/\/pasaenmendoza.com\/index.php?rest_route=\/wp\/v2\/posts\/10459"}],"collection":[{"href":"https:\/\/pasaenmendoza.com\/index.php?rest_route=\/wp\/v2\/posts"}],"about":[{"href":"https:\/\/pasaenmendoza.com\/index.php?rest_route=\/wp\/v2\/types\/post"}],"author":[{"embeddable":true,"href":"https:\/\/pasaenmendoza.com\/index.php?rest_route=\/wp\/v2\/users\/2"}],"replies":[{"embeddable":true,"href":"https:\/\/pasaenmendoza.com\/index.php?rest_route=%2Fwp%2Fv2%2Fcomments&post=10459"}],"version-history":[{"count":1,"href":"https:\/\/pasaenmendoza.com\/index.php?rest_route=\/wp\/v2\/posts\/10459\/revisions"}],"predecessor-version":[{"id":10461,"href":"https:\/\/pasaenmendoza.com\/index.php?rest_route=\/wp\/v2\/posts\/10459\/revisions\/10461"}],"wp:featuredmedia":[{"embeddable":true,"href":"https:\/\/pasaenmendoza.com\/index.php?rest_route=\/wp\/v2\/media\/10460"}],"wp:attachment":[{"href":"https:\/\/pasaenmendoza.com\/index.php?rest_route=%2Fwp%2Fv2%2Fmedia&parent=10459"}],"wp:term":[{"taxonomy":"category","embeddable":true,"href":"https:\/\/pasaenmendoza.com\/index.php?rest_route=%2Fwp%2Fv2%2Fcategories&post=10459"},{"taxonomy":"post_tag","embeddable":true,"href":"https:\/\/pasaenmendoza.com\/index.php?rest_route=%2Fwp%2Fv2%2Ftags&post=10459"}],"curies":[{"name":"wp","href":"https:\/\/api.w.org\/{rel}","templated":true}]}}