{"id":10465,"date":"2024-12-06T15:34:38","date_gmt":"2024-12-06T14:34:38","guid":{"rendered":"https:\/\/pasaenmendoza.com\/?p=10465"},"modified":"2024-12-06T15:34:39","modified_gmt":"2024-12-06T14:34:39","slug":"condenaron-a-un-subcomisario-federal-por-abusar-hostigar-y-maltratar-a-dos-policias","status":"publish","type":"post","link":"https:\/\/pasaenmendoza.com\/?p=10465","title":{"rendered":"Condenaron a un subcomisario federal por abusar, hostigar y maltratar a dos polic\u00edas"},"content":{"rendered":"\n<p>Un alto integrante de la\u00a0<strong>delegaci\u00f3n de Mendoza de la Polic\u00eda Federal<\/strong>\u00a0fue condenado a a\u00f1os de c\u00e1rcel, inhabilitaci\u00f3n e indemnizaci\u00f3n tras haber cometido hechos de\u00a0<strong>abuso sexual<\/strong>, hostigamiento y maltrato contra dos uniformadas de esa dependencia.<\/p>\n\n\n\n<p><strong>Eduardo Javier Casas<\/strong>, de 51 a\u00f1os, es un&nbsp;<strong>subcomisario de la Polic\u00eda Federal&nbsp;<\/strong>que en los \u00faltimos a\u00f1os qued\u00f3 envuelto tras dos denuncias que realizaron efectivos de esa fuerza de seguridad. Una s\u00f3lo por acoso y hostigamiento y otra por hechos similares pero tambi\u00e9n por un<strong>&nbsp;abuso sexual<\/strong>.<\/p>\n\n\n\n<p>En el \u00faltimo expediente se reconstruy\u00f3 que el subcomisario avanz\u00f3 en reiteradas oportunidades a una efectivo entre 2019 y 2021. Los hechos ocurrieron en distintos lugares, por ejemplo en la propia sede de la<strong>\u00a0Polic\u00eda Federal<\/strong>\u00a0ubicada sobre calle Per\u00fa y cuando cumpl\u00eda servicios adicionales en una sucursal del Banco Naci\u00f3n en el centro.<\/p>\n\n\n\n<p><strong>Eduardo Casas<\/strong>\u00a0era quien realizaba visitas intempestivas para fiscalizar el cumplimiento de su labor y la hac\u00eda firmar planilla. Pero seg\u00fan relat\u00f3 la mujer -y tambi\u00e9n avalaron otros polic\u00edas que declararon como testigos en la causa- el subcomisario excedi\u00f3 los l\u00edmites. Intentaba tener\u00a0<strong>acercamientos f\u00edsicos<\/strong>, la abrazaba, le preguntaba por una operaci\u00f3n est\u00e9tica de pr\u00f3tesis mamarias y hasta le consultaba sobre su matrimonio.<\/p>\n\n\n\n<p>El hecho m\u00e1s grave, el\u00a0<strong>abuso sexual<\/strong>, se registr\u00f3 en la sucursal bancaria cuando el hombre salud\u00f3 a colegas de la agente con un choque de pu\u00f1os pero cuando lleg\u00f3 a ella se quit\u00f3 el barbijo -eran tiempos de pandemia por coronavirus- y\u00a0<strong>la bes\u00f3 en la boca<\/strong>\u00a0sin su consentimiento.<\/p>\n\n\n\n<h2 class=\"wp-block-heading\">Constante hostigamiento<\/h2>\n\n\n\n<p>Una sargento primero de la&nbsp;<strong>Polic\u00eda Federal&nbsp;<\/strong>tambi\u00e9n apunt\u00f3 contra el subcomisario. En su caso, relat\u00f3 que fue&nbsp;<strong>hostigada&nbsp;<\/strong>durante los a\u00f1os 2020 y 2021, cuando fue designada jefa de guardia interna de la Divisi\u00f3n Unidad Operativa de esa fuerza.<\/p>\n\n\n\n<p>Cuando logr\u00f3 el ascenso a ese cargo, comenz\u00f3 a sufrir el constante maltrato de<strong>\u00a0Eduardo Casas<\/strong>, quien la trat\u00f3 de &#8220;tonta&#8221;, le grit\u00f3 que le iba a &#8220;ense\u00f1ar qui\u00e9n tiene m\u00e1s grado, si un hombre o una mujer&#8221;, y hechos similares aprovechando su jerarqu\u00eda dentro de la instituci\u00f3n y en un contexto de violencia de g\u00e9nero.<\/p>\n\n\n\n<p>Tras un juicio que llev\u00f3 adelante el Tribunal Oral Federal 1, los jueces Alberto Carelli, Paula Marisi y Alejandro Pi\u00f1a encontraron culpable al subcomisario por&nbsp;<strong>abuso sexual simple agravado por su condici\u00f3n de integrante de una fuerza de seguridad y por abuso de autoridad<\/strong>. Le dictaron una pena de&nbsp;<strong>4 a\u00f1os de prisi\u00f3n<\/strong>, que se har\u00e1n efectivos una vez que la sentencia quede firme.<\/p>\n\n\n\n<p>Adem\u00e1s, se declar\u00f3 la\u00a0<strong>inhabilitaci\u00f3n perpetua<\/strong>\u00a0para ejercer cargos p\u00fablicos, se declar\u00f3 como v\u00edctimas de\u00a0<strong>violencia de g\u00e9nero<\/strong>\u00a0a las dos mujeres y deber\u00e1n afrontar una indemnizaci\u00f3n por da\u00f1o moral de 8 millones de pesos aproximadamente.<\/p>\n\n\n\n<p><strong>Fuente: www.diariouno.com.ar<\/strong><\/p>\n","protected":false},"excerpt":{"rendered":"<p>Un alto integrante de la\u00a0delegaci\u00f3n de Mendoza de la Polic\u00eda Federal\u00a0fue condenado a a\u00f1os de c\u00e1rcel, inhabilitaci\u00f3n e indemnizaci\u00f3n tras haber cometido hechos de\u00a0abuso sexual, hostigamiento y maltrato contra dos uniformadas de esa dependencia. Eduardo Javier Casas, de 51 a\u00f1os, es un&nbsp;subcomisario de la Polic\u00eda Federal&nbsp;que en los \u00faltimos a\u00f1os qued\u00f3 envuelto tras dos denuncias [&hellip;]<\/p>\n","protected":false},"author":2,"featured_media":10466,"comment_status":"open","ping_status":"open","sticky":false,"template":"","format":"standard","meta":[],"categories":[48],"tags":[],"_links":{"self":[{"href":"https:\/\/pasaenmendoza.com\/index.php?rest_route=\/wp\/v2\/posts\/10465"}],"collection":[{"href":"https:\/\/pasaenmendoza.com\/index.php?rest_route=\/wp\/v2\/posts"}],"about":[{"href":"https:\/\/pasaenmendoza.com\/index.php?rest_route=\/wp\/v2\/types\/post"}],"author":[{"embeddable":true,"href":"https:\/\/pasaenmendoza.com\/index.php?rest_route=\/wp\/v2\/users\/2"}],"replies":[{"embeddable":true,"href":"https:\/\/pasaenmendoza.com\/index.php?rest_route=%2Fwp%2Fv2%2Fcomments&post=10465"}],"version-history":[{"count":1,"href":"https:\/\/pasaenmendoza.com\/index.php?rest_route=\/wp\/v2\/posts\/10465\/revisions"}],"predecessor-version":[{"id":10467,"href":"https:\/\/pasaenmendoza.com\/index.php?rest_route=\/wp\/v2\/posts\/10465\/revisions\/10467"}],"wp:featuredmedia":[{"embeddable":true,"href":"https:\/\/pasaenmendoza.com\/index.php?rest_route=\/wp\/v2\/media\/10466"}],"wp:attachment":[{"href":"https:\/\/pasaenmendoza.com\/index.php?rest_route=%2Fwp%2Fv2%2Fmedia&parent=10465"}],"wp:term":[{"taxonomy":"category","embeddable":true,"href":"https:\/\/pasaenmendoza.com\/index.php?rest_route=%2Fwp%2Fv2%2Fcategories&post=10465"},{"taxonomy":"post_tag","embeddable":true,"href":"https:\/\/pasaenmendoza.com\/index.php?rest_route=%2Fwp%2Fv2%2Ftags&post=10465"}],"curies":[{"name":"wp","href":"https:\/\/api.w.org\/{rel}","templated":true}]}}