{"id":10476,"date":"2024-12-06T21:54:58","date_gmt":"2024-12-06T20:54:58","guid":{"rendered":"https:\/\/pasaenmendoza.com\/?p=10476"},"modified":"2024-12-06T21:54:59","modified_gmt":"2024-12-06T20:54:59","slug":"julian-santero-llego-a-mendoza-y-fue-recibido-con-carino-y-paseado-en-autobomba-en-godoy-cruz","status":"publish","type":"post","link":"https:\/\/pasaenmendoza.com\/?p=10476","title":{"rendered":"Juli\u00e1n Santero lleg\u00f3 a Mendoza y fue recibido con cari\u00f1o y paseado en autobomba en Godoy Cruz"},"content":{"rendered":"\n<p>El piloto mendocino<strong>\u00a0Juli\u00e1n Santero\u00a0<\/strong>se consagr\u00f3 este domingo como campe\u00f3n del\u00a0<strong>Turismo Carretera<\/strong>\u00a0en una gran carrera que se disput\u00f3 en La Plata. Es el primer mendocino que logra el t\u00edtulo en la categor\u00eda m\u00e1s tradicional y popular del automovilismo argentino.<\/p>\n\n\n\n<p>Este viernes el piloto de Ford\u00a0<strong>Juli\u00e1n Santero<\/strong>\u00a0fue el centro de un\u00a0<strong>festejo\u00a0<\/strong>y homenajeado en Godoy Cruz, con un paseo en autobomba por las calles del departamento.<\/p>\n\n\n\n<h2 class=\"wp-block-heading\"><strong>La c\u00e1lida recepci\u00f3n al campe\u00f3n Juli\u00e1n Santero en Mendoza<\/strong><\/h2>\n\n\n\n<p><strong>Juli\u00e1n Santero<\/strong>\u00a0fue recibido en Casa de Gobierno por el gobernador\u00a0<strong>Alfredo Cornejo<\/strong>, tambi\u00e9n estuvo el intendente de Guaymall\u00e9n, lugar donde vive el piloto, y de ah\u00ed su fue a Godoy Cruz, donde su intendente<strong>\u00a0Diego Costarelli<\/strong>\u00a0organiz\u00f3 la caravana. El campe\u00f3n se mostr\u00f3 agradecido por el homenaje, y en medio de los festejos dijo\u00a0<strong>&#8220;\u00a1Es una locura, la verdad que no esperaba tanta gente. Estoy sorprendido por la cantidad de gente que ha venido a recibirme!&#8221;<\/strong>, luego agreg\u00f3: &#8220;Es mediod\u00eda de un d\u00eda laborable, y as\u00ed y todo han venido a recibirme. Gracias por venir&#8221;.<\/p>\n\n\n\n<p>Consultado sobre la carrera consagratoria y cu\u00e1l hab\u00eda sido el mejor momento, dijo sonriente: &#8220;la final, cu\u00e1ndo bajaron la bandera a cuadros&#8221;, y sum\u00f3 &#8220;Fue una carrera dura, con mucho nerviosismo. El domingo fue duro porque arrancamos con mucha lluvia, luego se sec\u00f3, y cambiaron todo el auto a \u00faltimo momento, pero sali\u00f3 todo bien, por suerte&#8221;.<\/p>\n\n\n\n<h2 class=\"wp-block-heading\">C\u00f3mo planea Juli\u00e1n Santero el 2025<\/h2>\n\n\n\n<p>Respecto al futuro,<strong>\u00a0Juli\u00e1n Santero<\/strong>\u00a0confes\u00f3 que\u00a0<strong>&#8220;quiero descansar&#8221;<\/strong>, luego de una temporada muy movida, donde est\u00e1 participando en tres categor\u00edas distintas. Coment\u00f3\u00a0que le queda una carrera en el TC Pick Up (el 15 de diciembre en La Plata), luego tendr\u00e1 una semana de actividad buscando sponsors y programando la pr\u00f3xima temporada y &#8220;cerca de las Fiestas ya voy a descansar&#8221;.<\/p>\n\n\n\n<p>Adem\u00e1s el mendocino dijo que le gustar\u00eda correr en s\u00f3lo dos categor\u00edas, pero que siempre est\u00e1 abierta la posibilidad de aceptar alguna otra propuesta. &#8220;Esto es trabajo, y amo hacer esto, correr&#8221;, concluy\u00f3.<\/p>\n\n\n\n<p>La recorrida de la caravana que acompa\u00f1\u00f3 al&nbsp;<em>Mendocino Volador<\/em>&nbsp;comenz\u00f3 en el Parque Benegas, y finaliz\u00f3 en el Parque San Vicente.<\/p>\n\n\n\n<p><strong>Juli\u00e1n Santero<\/strong>\u00a0cumpli\u00f3 as\u00ed el sue\u00f1o de leyendas como el pionero\u00a0<em>\u00d1ato\u00a0<\/em>Pablo Gull\u00e9, Jos\u00e9 Manzano, V\u00edctor Garc\u00eda, \u00c1ngel Pena, o\u00a0<em>Pich\u00f3n\u00a0<\/em>Julio C\u00e9sar Castellani, y otros valientes.<\/p>\n\n\n\n<p><strong>Fuente: www.diariouno.com.ar<\/strong><\/p>\n","protected":false},"excerpt":{"rendered":"<p>El piloto mendocino\u00a0Juli\u00e1n Santero\u00a0se consagr\u00f3 este domingo como campe\u00f3n del\u00a0Turismo Carretera\u00a0en una gran carrera que se disput\u00f3 en La Plata. Es el primer mendocino que logra el t\u00edtulo en la categor\u00eda m\u00e1s tradicional y popular del automovilismo argentino. Este viernes el piloto de Ford\u00a0Juli\u00e1n Santero\u00a0fue el centro de un\u00a0festejo\u00a0y homenajeado en Godoy Cruz, con un [&hellip;]<\/p>\n","protected":false},"author":2,"featured_media":10477,"comment_status":"open","ping_status":"open","sticky":false,"template":"","format":"standard","meta":[],"categories":[81],"tags":[],"_links":{"self":[{"href":"https:\/\/pasaenmendoza.com\/index.php?rest_route=\/wp\/v2\/posts\/10476"}],"collection":[{"href":"https:\/\/pasaenmendoza.com\/index.php?rest_route=\/wp\/v2\/posts"}],"about":[{"href":"https:\/\/pasaenmendoza.com\/index.php?rest_route=\/wp\/v2\/types\/post"}],"author":[{"embeddable":true,"href":"https:\/\/pasaenmendoza.com\/index.php?rest_route=\/wp\/v2\/users\/2"}],"replies":[{"embeddable":true,"href":"https:\/\/pasaenmendoza.com\/index.php?rest_route=%2Fwp%2Fv2%2Fcomments&post=10476"}],"version-history":[{"count":1,"href":"https:\/\/pasaenmendoza.com\/index.php?rest_route=\/wp\/v2\/posts\/10476\/revisions"}],"predecessor-version":[{"id":10478,"href":"https:\/\/pasaenmendoza.com\/index.php?rest_route=\/wp\/v2\/posts\/10476\/revisions\/10478"}],"wp:featuredmedia":[{"embeddable":true,"href":"https:\/\/pasaenmendoza.com\/index.php?rest_route=\/wp\/v2\/media\/10477"}],"wp:attachment":[{"href":"https:\/\/pasaenmendoza.com\/index.php?rest_route=%2Fwp%2Fv2%2Fmedia&parent=10476"}],"wp:term":[{"taxonomy":"category","embeddable":true,"href":"https:\/\/pasaenmendoza.com\/index.php?rest_route=%2Fwp%2Fv2%2Fcategories&post=10476"},{"taxonomy":"post_tag","embeddable":true,"href":"https:\/\/pasaenmendoza.com\/index.php?rest_route=%2Fwp%2Fv2%2Ftags&post=10476"}],"curies":[{"name":"wp","href":"https:\/\/api.w.org\/{rel}","templated":true}]}}