{"id":10479,"date":"2024-12-06T22:09:25","date_gmt":"2024-12-06T21:09:25","guid":{"rendered":"https:\/\/pasaenmendoza.com\/?p=10479"},"modified":"2024-12-06T22:09:26","modified_gmt":"2024-12-06T21:09:26","slug":"ambiente-designo-al-nuevo-director-de-recursos-naturales-a-seis-meses-de-la-salida-de-melchor","status":"publish","type":"post","link":"https:\/\/pasaenmendoza.com\/?p=10479","title":{"rendered":"Ambiente design\u00f3 al nuevo director de Recursos Naturales a seis meses de la salida de Melchor"},"content":{"rendered":"\n<p>El Ministerio de\u00a0<strong>Ambiente<\/strong>\u00a0y Energ\u00eda dio a conocer este viernes la designaci\u00f3n de\u00a0<strong>Mariano Iv\u00e1n Funes Pinter<\/strong>\u00a0en la\u00a0<strong>Direcci\u00f3n de\u00a0Recursos Naturales\u00a0Renovables<\/strong>. En ese cargo estaba el dirigente del socialismo Sebasti\u00e1n Melchor, a quien le pidieron la renuncia hace poco m\u00e1s de seis meses.<\/p>\n\n\n\n<p>El director de \u00c1reas Protegidas es ingeniero en Recursos Naturales Renovables de la Universidad Nacional de Cuyo (UNCuyo),&nbsp;<strong>m\u00e1ster en Gen\u00e9tica Molecular y Biotecnolog\u00eda Vegetal&nbsp;<\/strong>(Universidad de Sevilla) y<strong>&nbsp;doctor en Biolog\u00eda<\/strong>&nbsp;(Conicet \u2013 UNCuyo).<\/p>\n\n\n\n<p>Tambi\u00e9n es investigador asistente del Conicet en el grupo de Agrotecnolog\u00eda Sostenible del INTA EEA Mendoza y miembro de la Asociaci\u00f3n Argentina de Compostaje.<\/p>\n\n\n\n<p>Adem\u00e1s cuenta con experiencia docente en contaminaci\u00f3n, saneamiento ambiental y restauraci\u00f3n ecol\u00f3gica en la UNCuyo. Ha trabajado en convenios p\u00fablico-privados, proyectos de valorizaci\u00f3n de residuos y elaboraci\u00f3n de bioinsumos agr\u00edcolas.<\/p>\n\n\n\n<h2 class=\"wp-block-heading\"><strong>La salida de Melchor de Ambiente<\/strong><\/h2>\n\n\n\n<p><strong>El 4 de junio pasado, se inform\u00f3 desde el Gobierno que la ministra de Energ\u00eda, Jimena Latorre, le pidi\u00f3 la renuncia\u00a0<\/strong>a su ahora ex<strong>\u00a0subsecretario de Ambiente, Sebasti\u00e1n Melchor.<\/strong><\/p>\n\n\n\n<p>El socialista, que hab\u00eda asumido su cargo a mediados de enero pasado, s\u00f3lo estuvo all\u00ed poco m\u00e1s de 4 meses y medio.<\/p>\n\n\n\n<p>De acuerdo a lo que trascendi\u00f3 en ese momento, el pedido de renuncia se concret\u00f3 por&nbsp;<strong>&#8220;diferencias en las metas y objetivos&#8221;<\/strong>&nbsp;que hab\u00eda planteado Latorre y que Melchor no habr\u00eda cumplido como se lo hab\u00edan pedido desde que se hizo cargo del \u00e1rea.<\/p>\n\n\n\n<p><strong>Sebasti\u00e1n Melchor<\/strong>, que ven\u00eda de estar a cargo de la Direcci\u00f3n de Recursos Naturales Renovables, fue nombrado el 18 de enero pasado como&nbsp;<strong>subsecretario de Ambiente<\/strong>. El ex funcionario proviene del Partido Socialista, uno de los aliados a Cambia Mendoza.<\/p>\n\n\n\n<p>Hasta ese entonces era parte del grupo de funcionarios que durante los tres gobiernos de Cambia Mendoza se hab\u00eda mantenido en alg\u00fan cargo.<\/p>\n\n\n\n<p><strong>Fuente: www.diariouno.com.ar<\/strong><\/p>\n","protected":false},"excerpt":{"rendered":"<p>El Ministerio de\u00a0Ambiente\u00a0y Energ\u00eda dio a conocer este viernes la designaci\u00f3n de\u00a0Mariano Iv\u00e1n Funes Pinter\u00a0en la\u00a0Direcci\u00f3n de\u00a0Recursos Naturales\u00a0Renovables. En ese cargo estaba el dirigente del socialismo Sebasti\u00e1n Melchor, a quien le pidieron la renuncia hace poco m\u00e1s de seis meses. El director de \u00c1reas Protegidas es ingeniero en Recursos Naturales Renovables de la Universidad Nacional [&hellip;]<\/p>\n","protected":false},"author":2,"featured_media":10480,"comment_status":"open","ping_status":"open","sticky":false,"template":"","format":"standard","meta":[],"categories":[47],"tags":[],"_links":{"self":[{"href":"https:\/\/pasaenmendoza.com\/index.php?rest_route=\/wp\/v2\/posts\/10479"}],"collection":[{"href":"https:\/\/pasaenmendoza.com\/index.php?rest_route=\/wp\/v2\/posts"}],"about":[{"href":"https:\/\/pasaenmendoza.com\/index.php?rest_route=\/wp\/v2\/types\/post"}],"author":[{"embeddable":true,"href":"https:\/\/pasaenmendoza.com\/index.php?rest_route=\/wp\/v2\/users\/2"}],"replies":[{"embeddable":true,"href":"https:\/\/pasaenmendoza.com\/index.php?rest_route=%2Fwp%2Fv2%2Fcomments&post=10479"}],"version-history":[{"count":1,"href":"https:\/\/pasaenmendoza.com\/index.php?rest_route=\/wp\/v2\/posts\/10479\/revisions"}],"predecessor-version":[{"id":10481,"href":"https:\/\/pasaenmendoza.com\/index.php?rest_route=\/wp\/v2\/posts\/10479\/revisions\/10481"}],"wp:featuredmedia":[{"embeddable":true,"href":"https:\/\/pasaenmendoza.com\/index.php?rest_route=\/wp\/v2\/media\/10480"}],"wp:attachment":[{"href":"https:\/\/pasaenmendoza.com\/index.php?rest_route=%2Fwp%2Fv2%2Fmedia&parent=10479"}],"wp:term":[{"taxonomy":"category","embeddable":true,"href":"https:\/\/pasaenmendoza.com\/index.php?rest_route=%2Fwp%2Fv2%2Fcategories&post=10479"},{"taxonomy":"post_tag","embeddable":true,"href":"https:\/\/pasaenmendoza.com\/index.php?rest_route=%2Fwp%2Fv2%2Ftags&post=10479"}],"curies":[{"name":"wp","href":"https:\/\/api.w.org\/{rel}","templated":true}]}}