{"id":10482,"date":"2024-12-06T22:14:57","date_gmt":"2024-12-06T21:14:57","guid":{"rendered":"https:\/\/pasaenmendoza.com\/?p=10482"},"modified":"2024-12-06T22:14:58","modified_gmt":"2024-12-06T21:14:58","slug":"lo-buscaban-por-darle-una-golpiza-a-su-expareja-y-cayo-al-violar-la-restriccion-de-acercamiento","status":"publish","type":"post","link":"https:\/\/pasaenmendoza.com\/?p=10482","title":{"rendered":"Lo buscaban por darle una golpiza a su expareja y cay\u00f3 al violar la restricci\u00f3n de acercamiento"},"content":{"rendered":"\n<p>Un hombre que era intensamente buscado luego de ser acusado de propinarle una paliza a su expareja en<strong>&nbsp;Las Heras<\/strong>, fue detenido la noche del jueves al&nbsp;<strong>violar la restricci\u00f3n de acercamiento<\/strong>&nbsp;hacia la mujer.<\/p>\n\n\n\n<p>El caso tuvo su inicio a fines de octubre, luego de que la v\u00edctima, de 43 a\u00f1os, sufri\u00f3 una&nbsp;<strong>grave golpiza<\/strong>, en la que result\u00f3 con&nbsp;<strong>desfiguraci\u00f3n facial<\/strong>, por parte de su exc\u00f3nyuge en su domicilio del&nbsp;<strong>barrio 25 de Mayo<\/strong>, ubicado en el distrito de&nbsp;<strong>El Plumerillo<\/strong>.<\/p>\n\n\n\n<p>A ra\u00edz de la salvaje agresi\u00f3n, la\u00a0<strong>fiscal de Violencia de G\u00e9nero M\u00f3nica Fern\u00e1ndez Poblet\u00a0<\/strong>dispuso colocar una<strong>\u00a0consigna policial\u00a0<\/strong>en la vivienda de la mujer, que anteriormente contaba con\u00a0<strong>rondines peri\u00f3dicos<\/strong>\u00a0cada tres horas.<\/p>\n\n\n\n<p>Asimismo, la representante del Ministerio P\u00fablico solicit\u00f3 la captura de se\u00f1alado atacante, de 38 a\u00f1os, quien consigui\u00f3 mantenerse en la clandestinidad durante poco m\u00e1s de un mes.<\/p>\n\n\n\n<p>Pese a las medidas de protecci\u00f3n, alrededor de las 23.40 de este jueves un llamado a la&nbsp;<strong>l\u00ednea de emergencias 911&nbsp;<\/strong>alert\u00f3 sobre un sujeto provocando inconvenientes en la casa de la mujer, en la que minutos antes hab\u00eda una consigna policial.<\/p>\n\n\n\n<p>Por eso, polic\u00edas de la\u00a0<strong>Comisar\u00eda 56\u00aa<\/strong>\u00a0se desplazaron hasta el lugar e ingresaron al inmueble con autorizaci\u00f3n de la propietaria. En el interior dieron con la expareja de la mujer, quien busc\u00f3 darse a la fuga a trav\u00e9s del patio.<\/p>\n\n\n\n<p>Seguidamente, un efectivo le dio alcance y el hombre ofreci\u00f3 resistencia, motivo por el que tuvo que hacer<strong>&nbsp;uso de la fuerza p\u00fablica<\/strong>&nbsp;para aprehenderlo y as\u00ed resguardar la integridad f\u00edsica de la v\u00edctima.<\/p>\n\n\n\n<p>Luego, los uniformados constataron que el detenido&nbsp;<strong>se encontraba en la orden del d\u00eda<\/strong>&nbsp;por la agresi\u00f3n previa a la mujer, motivo por el que lo trasladaron en una movilidad hacia la<strong>&nbsp;Subcomisar\u00eda Iriarte<\/strong>.<\/p>\n\n\n\n<p>Por su parte, el funcionario que concret\u00f3 la captura debi\u00f3 recibir asistencia m\u00e9dica en la\u00a0<strong>Cl\u00ednica Francesa<\/strong>, por una lesi\u00f3n que sufri\u00f3 en la mano derecha durante el forcejeo con el acusado.<\/p>\n\n\n\n<p><strong>Fuente: www.elsol.com.ar<\/strong><\/p>\n","protected":false},"excerpt":{"rendered":"<p>Un hombre que era intensamente buscado luego de ser acusado de propinarle una paliza a su expareja en&nbsp;Las Heras, fue detenido la noche del jueves al&nbsp;violar la restricci\u00f3n de acercamiento&nbsp;hacia la mujer. El caso tuvo su inicio a fines de octubre, luego de que la v\u00edctima, de 43 a\u00f1os, sufri\u00f3 una&nbsp;grave golpiza, en la que [&hellip;]<\/p>\n","protected":false},"author":2,"featured_media":10483,"comment_status":"open","ping_status":"open","sticky":false,"template":"","format":"standard","meta":[],"categories":[48],"tags":[],"_links":{"self":[{"href":"https:\/\/pasaenmendoza.com\/index.php?rest_route=\/wp\/v2\/posts\/10482"}],"collection":[{"href":"https:\/\/pasaenmendoza.com\/index.php?rest_route=\/wp\/v2\/posts"}],"about":[{"href":"https:\/\/pasaenmendoza.com\/index.php?rest_route=\/wp\/v2\/types\/post"}],"author":[{"embeddable":true,"href":"https:\/\/pasaenmendoza.com\/index.php?rest_route=\/wp\/v2\/users\/2"}],"replies":[{"embeddable":true,"href":"https:\/\/pasaenmendoza.com\/index.php?rest_route=%2Fwp%2Fv2%2Fcomments&post=10482"}],"version-history":[{"count":1,"href":"https:\/\/pasaenmendoza.com\/index.php?rest_route=\/wp\/v2\/posts\/10482\/revisions"}],"predecessor-version":[{"id":10484,"href":"https:\/\/pasaenmendoza.com\/index.php?rest_route=\/wp\/v2\/posts\/10482\/revisions\/10484"}],"wp:featuredmedia":[{"embeddable":true,"href":"https:\/\/pasaenmendoza.com\/index.php?rest_route=\/wp\/v2\/media\/10483"}],"wp:attachment":[{"href":"https:\/\/pasaenmendoza.com\/index.php?rest_route=%2Fwp%2Fv2%2Fmedia&parent=10482"}],"wp:term":[{"taxonomy":"category","embeddable":true,"href":"https:\/\/pasaenmendoza.com\/index.php?rest_route=%2Fwp%2Fv2%2Fcategories&post=10482"},{"taxonomy":"post_tag","embeddable":true,"href":"https:\/\/pasaenmendoza.com\/index.php?rest_route=%2Fwp%2Fv2%2Ftags&post=10482"}],"curies":[{"name":"wp","href":"https:\/\/api.w.org\/{rel}","templated":true}]}}