{"id":10485,"date":"2024-12-09T13:40:59","date_gmt":"2024-12-09T12:40:59","guid":{"rendered":"https:\/\/pasaenmendoza.com\/?p=10485"},"modified":"2024-12-09T13:41:00","modified_gmt":"2024-12-09T12:41:00","slug":"manana-fresca-pero-luego-llega-el-calor-asi-estara-este-lunes-en-mendoza","status":"publish","type":"post","link":"https:\/\/pasaenmendoza.com\/?p=10485","title":{"rendered":"Ma\u00f1ana fresca, pero luego llega el calor: as\u00ed estar\u00e1 este lunes en Mendoza"},"content":{"rendered":"\n<p>La semana arranca con buen tiempo, en general, y temperaturas en ascenso en el Gran Mendoza. Para este lunes, la&nbsp;<strong>Direcci\u00f3n de Contingencias Clim\u00e1ticas<\/strong>&nbsp;indica: \u201cTiempo bueno con ascenso de la temperatura, vientos del noreste\u201d.&nbsp;<strong>La m\u00ednima ser\u00e1 de 18 grados y la m\u00e1xima de 31.<\/strong><\/p>\n\n\n\n<p>Para el&nbsp;<strong>martes<\/strong>&nbsp;se prev\u00e9 \u201cCaluroso con nubosidad variable y vientos moderados del noreste. Tormentas aisladas en el sur provincial. Poco nuboso en cordillera\u201d.&nbsp;<strong>La m\u00ednima ser\u00e1 de 22 grados y la m\u00e1xima de 35.<\/strong><\/p>\n\n\n\n<p>El<strong>\u00a0mi\u00e9rcoles<\/strong>\u00a0estar\u00e1 con \u201ccielo parcialmente nublado, inestable con descenso de la temperatura, vientos moderados del sector sur\u201d.\u00a0<strong>La m\u00ednima ser\u00e1 de 21 grados y la m\u00e1xima de 33.<\/strong><\/p>\n\n\n\n<p><strong>Fuente: www.elsol.com.ar<\/strong><\/p>\n","protected":false},"excerpt":{"rendered":"<p>La semana arranca con buen tiempo, en general, y temperaturas en ascenso en el Gran Mendoza. Para este lunes, la&nbsp;Direcci\u00f3n de Contingencias Clim\u00e1ticas&nbsp;indica: \u201cTiempo bueno con ascenso de la temperatura, vientos del noreste\u201d.&nbsp;La m\u00ednima ser\u00e1 de 18 grados y la m\u00e1xima de 31. Para el&nbsp;martes&nbsp;se prev\u00e9 \u201cCaluroso con nubosidad variable y vientos moderados del noreste. [&hellip;]<\/p>\n","protected":false},"author":2,"featured_media":10486,"comment_status":"open","ping_status":"open","sticky":false,"template":"","format":"standard","meta":[],"categories":[52],"tags":[],"_links":{"self":[{"href":"https:\/\/pasaenmendoza.com\/index.php?rest_route=\/wp\/v2\/posts\/10485"}],"collection":[{"href":"https:\/\/pasaenmendoza.com\/index.php?rest_route=\/wp\/v2\/posts"}],"about":[{"href":"https:\/\/pasaenmendoza.com\/index.php?rest_route=\/wp\/v2\/types\/post"}],"author":[{"embeddable":true,"href":"https:\/\/pasaenmendoza.com\/index.php?rest_route=\/wp\/v2\/users\/2"}],"replies":[{"embeddable":true,"href":"https:\/\/pasaenmendoza.com\/index.php?rest_route=%2Fwp%2Fv2%2Fcomments&post=10485"}],"version-history":[{"count":1,"href":"https:\/\/pasaenmendoza.com\/index.php?rest_route=\/wp\/v2\/posts\/10485\/revisions"}],"predecessor-version":[{"id":10487,"href":"https:\/\/pasaenmendoza.com\/index.php?rest_route=\/wp\/v2\/posts\/10485\/revisions\/10487"}],"wp:featuredmedia":[{"embeddable":true,"href":"https:\/\/pasaenmendoza.com\/index.php?rest_route=\/wp\/v2\/media\/10486"}],"wp:attachment":[{"href":"https:\/\/pasaenmendoza.com\/index.php?rest_route=%2Fwp%2Fv2%2Fmedia&parent=10485"}],"wp:term":[{"taxonomy":"category","embeddable":true,"href":"https:\/\/pasaenmendoza.com\/index.php?rest_route=%2Fwp%2Fv2%2Fcategories&post=10485"},{"taxonomy":"post_tag","embeddable":true,"href":"https:\/\/pasaenmendoza.com\/index.php?rest_route=%2Fwp%2Fv2%2Ftags&post=10485"}],"curies":[{"name":"wp","href":"https:\/\/api.w.org\/{rel}","templated":true}]}}