{"id":1049,"date":"2023-08-30T13:50:25","date_gmt":"2023-08-30T11:50:25","guid":{"rendered":"https:\/\/pasaenmendoza.com\/?p=1049"},"modified":"2023-08-30T13:50:26","modified_gmt":"2023-08-30T11:50:26","slug":"zenobi-hierro-indio-es-la-prueba-de-que-se-puede-hacer-mineria-en-mendoza","status":"publish","type":"post","link":"https:\/\/pasaenmendoza.com\/?p=1049","title":{"rendered":"Zenobi: &#8220;Hierro Indio es la prueba de que se puede hacer miner\u00eda en Mendoza&#8221;"},"content":{"rendered":"\n<p><strong>Roberto Natalio Zenobi\u00a0<\/strong>es un ingeniero en Minas que confiesa que abraz\u00f3 esa actividad desde ese d\u00eda que, cursando el quinto a\u00f1o del secundario de la escuela comercial de Rivadavia (lugar donde naci\u00f3 y creci\u00f3), elabor\u00f3 por primera vez un informe sobre producci\u00f3n minera a instancias de su hermano mayor, quien para ese entonces ya era ingeniero con esa especialidad.<\/p>\n\n\n\n<p>Hoy con casi 70 a\u00f1os y habiendo recorrido desde febrero de 2021 su experiencia como responsable de la\u00a0<strong>Direcci\u00f3n General de Miner\u00eda<\/strong>\u00a0(tal cual es la denominaci\u00f3n institucional) decidi\u00f3 conceder una entrevista period\u00edstica desde ese lugar, como parte del gobierno provincial.<\/p>\n\n\n\n<p>El hombre, hijo de familia de inmigrantes italianos, pone mucho \u00e9nfasis en su origen y en su desempe\u00f1o de vida y profesional para transmitir su idea con la que se impuls\u00f3 para ser funcionario habiendo intentado ser legislador por el Partido Intransigente en 2019. Pero antes trabaj\u00f3 en la actividad gremial empresaria del sector presidiendo la\u00a0\u00a0<strong>C\u00e1mara Mendocina de Empresarios Mineros (Camem)<\/strong>\u00a0desde donde resisti\u00f3 desde 2007 la creaci\u00f3n y la aplicaci\u00f3n de la norma restrictiva a la actividad minera a cielo abierta, la emblem\u00e1tica \u00a0ley 7722.<\/p>\n\n\n\n<p>El tiempo transcurri\u00f3 y Zenobi se reinvent\u00f3 desde su idea estructuralista para implementar pol\u00edticas p\u00fablicas dentro de la actividad, enfocando su acci\u00f3n en la miner\u00eda de segundo y tercer grado, es decir en canteras de \u00e1ridos y explotaciones de minerales no metal\u00edferos vinculados con la industria de la construcci\u00f3n en su mayor\u00eda.\u00a0<\/p>\n\n\n\n<p>Su fin \u00faltimo lo transparenta hoy, mi\u00e9rcoles 30: demostrar que en Mendoza hay actividad minera y que se puede desarrollar miner\u00eda metal\u00edfera (de primer grado) con un orden administrativo y legal que la encuadre y la haga posible.&nbsp;<\/p>\n\n\n\n<p>Despu\u00e9s de conversar por m\u00e1s de dos horas y media en su despacho ubicado en el edificio de calle Boulogne Sur Mer al 3000 de Ciudad, las explicaciones de Zenobi trascendieron como la descripci\u00f3n de un\u00a0<strong>tratamiento de readaptaci\u00f3n<\/strong>, despu\u00e9s de una fractura grave que sufri\u00f3 la sociedad mendocina, en particular luego de diciembre de 2019 tras las manifestaciones multitudinarias que hicieron que se reestableciera la 7722 tras el intento de derogarla ni bien hab\u00eda asumido como gobernador\u00a0<strong>Rodolfo Suarez<\/strong>.<\/p>\n\n\n\n<p>enobi dej\u00f3 ver este desarrollo de su gesti\u00f3n el martes 22 en el foro&nbsp;<strong>&#8220;El rol de las provincias en el desarrollo minero argentino&#8221;.&nbsp;<\/strong>En ese \u00e1mbito&nbsp;&nbsp;amigable para la actividad detall\u00f3 su esquema de plan de gobierno y transparent\u00f3 su prop\u00f3sito de convertir el organismo que durante mucho tiempo estuvo opacado como un sistema de alarma de control para otro entes estatales de control y fiscalizaci\u00f3n como es la la tributaria recaudadora ATM y las de mantenimiento de rutas como Vialidad nacional y provincial.<\/p>\n\n\n\n<p>Pero tambi\u00e9n solt\u00f3 como una pista de su pr\u00f3xima acci\u00f3n con impacto p\u00fablico, quiz\u00e1 su \u00faltima como director de esta gesti\u00f3n de gobierno. Anticip\u00f3 que su objetivo inmediato es mandar a la Legislatura antes de fin de a\u00f1o un nuevo proyecto de exploraci\u00f3n de una mina de cobre, similar a&nbsp;<strong>Cerro Amarillo<\/strong>. Nunca revel\u00f3 cu\u00e1l era el proyecto.&nbsp;<\/p>\n\n\n\n<p>Aqu\u00ed acepta que a\u00fan no tiene decidido cu\u00e1l ser\u00e1, aunque remarc\u00f3 que tiene una grilla de unos cuatro expedientes que est\u00e1n en la misma l\u00ednea de condiciones para ser presentados. Entre ellos se encuentra el postergado proyecto c\u00faprico y aur\u00edfero de&nbsp;<strong>San Jorge<\/strong>&nbsp;que cumple con la legislaci\u00f3n vigente en la regi\u00f3n cordillerana del Valle de Uspallata, esta posibilidad la aportan otras fuentes mineras del sector privado.<\/p>\n\n\n\n<p>Otro aspecto al que le da valor el experimentado Zenobi es el recorrido del proyecto ferroso de la antigua mina de\u00a0<strong>Hierro Indio<\/strong>\u00a0donde se supo extraer el metal en \u00e9poca de la Segunda Guerra Mundial. El proceso de exploraci\u00f3n result\u00f3 exitoso por la descripci\u00f3n y la documentaci\u00f3n de im\u00e1genes a\u00e9reas y anal\u00edticas que Zenobi mostr\u00f3 durante la entrevista.\u00a0<\/p>\n\n\n\n<p>FUENTE: mendozapost \u00a0<\/p>\n\n\n\n<p><\/p>\n","protected":false},"excerpt":{"rendered":"<p>Roberto Natalio Zenobi\u00a0es un ingeniero en Minas que confiesa que abraz\u00f3 esa actividad desde ese d\u00eda que, cursando el quinto a\u00f1o del secundario de la escuela comercial de Rivadavia (lugar donde naci\u00f3 y creci\u00f3), elabor\u00f3 por primera vez un informe sobre producci\u00f3n minera a instancias de su hermano mayor, quien para ese entonces ya era [&hellip;]<\/p>\n","protected":false},"author":2,"featured_media":1050,"comment_status":"open","ping_status":"open","sticky":true,"template":"","format":"standard","meta":[],"categories":[49],"tags":[],"_links":{"self":[{"href":"https:\/\/pasaenmendoza.com\/index.php?rest_route=\/wp\/v2\/posts\/1049"}],"collection":[{"href":"https:\/\/pasaenmendoza.com\/index.php?rest_route=\/wp\/v2\/posts"}],"about":[{"href":"https:\/\/pasaenmendoza.com\/index.php?rest_route=\/wp\/v2\/types\/post"}],"author":[{"embeddable":true,"href":"https:\/\/pasaenmendoza.com\/index.php?rest_route=\/wp\/v2\/users\/2"}],"replies":[{"embeddable":true,"href":"https:\/\/pasaenmendoza.com\/index.php?rest_route=%2Fwp%2Fv2%2Fcomments&post=1049"}],"version-history":[{"count":1,"href":"https:\/\/pasaenmendoza.com\/index.php?rest_route=\/wp\/v2\/posts\/1049\/revisions"}],"predecessor-version":[{"id":1051,"href":"https:\/\/pasaenmendoza.com\/index.php?rest_route=\/wp\/v2\/posts\/1049\/revisions\/1051"}],"wp:featuredmedia":[{"embeddable":true,"href":"https:\/\/pasaenmendoza.com\/index.php?rest_route=\/wp\/v2\/media\/1050"}],"wp:attachment":[{"href":"https:\/\/pasaenmendoza.com\/index.php?rest_route=%2Fwp%2Fv2%2Fmedia&parent=1049"}],"wp:term":[{"taxonomy":"category","embeddable":true,"href":"https:\/\/pasaenmendoza.com\/index.php?rest_route=%2Fwp%2Fv2%2Fcategories&post=1049"},{"taxonomy":"post_tag","embeddable":true,"href":"https:\/\/pasaenmendoza.com\/index.php?rest_route=%2Fwp%2Fv2%2Ftags&post=1049"}],"curies":[{"name":"wp","href":"https:\/\/api.w.org\/{rel}","templated":true}]}}