{"id":10500,"date":"2024-12-09T20:42:39","date_gmt":"2024-12-09T19:42:39","guid":{"rendered":"https:\/\/pasaenmendoza.com\/?p=10500"},"modified":"2024-12-09T20:42:39","modified_gmt":"2024-12-09T19:42:39","slug":"cosecha-2025-productores-ya-estiman-que-habra-tanta-o-mas-uva-que-este-ano","status":"publish","type":"post","link":"https:\/\/pasaenmendoza.com\/?p=10500","title":{"rendered":"Cosecha 2025: productores ya estiman que habr\u00e1 tanta o m\u00e1s uva que este a\u00f1o"},"content":{"rendered":"\n<p>Con racimos que de a poco empiezan a tomar forma, los\u00a0<strong>productores<\/strong>\u00a0ya vislumbran lo que puede traer la\u00a0<strong>cosecha<\/strong>\u00a02025. De hecho, m\u00e1s all\u00e1 de la incidencia del granizo, el calor y disponibilidad de agua, algunos empezaron a hacer estimaciones y arriesgan que puede ser una vendimia &#8220;normal&#8221; y hasta superior en cuanto a volumen de\u00a0<strong>uva<\/strong>.<\/p>\n\n\n\n<p>A la espera de\u00a0datos del pron\u00f3stico de cosecha del\u00a0<strong>Instituto Nacional de Vitivinicultura (INV)<\/strong>, al menos as\u00ed defini\u00f3 el presidente de la Asociaci\u00f3n de Vi\u00f1ateros de Mendoza,\u00a0<strong>Eduardo C\u00f3rdoba<\/strong>.<\/p>\n\n\n\n<p>&#8220;No hubo da\u00f1os por heladas y el granizo se circunscribe a algunos lugares. Por eso podemos encaminarnos a una cosecha de\u00a0<strong>alrededor de 20 millones de quintales<\/strong>, lo que ser\u00eda algo normal&#8221;, estim\u00f3 C\u00f3rdoba.<\/p>\n\n\n\n<p>Claro que resta esperar qu\u00e9 condiciones meteorol\u00f3gicas traer\u00e1 el verano que est\u00e1 a la vuelta de la esquina. Pero de confirmarse esa estimaci\u00f3n ser\u00eda&nbsp;<strong>una cosecha levemente superior a la de este a\u00f1o<\/strong>, que dej\u00f3 19,2 millones.<\/p>\n\n\n\n<p>Por lo pronto, aunque Mendoza se mantiene a salvo con pulverizaciones preventivas, en San Juan (segunda provincia con m\u00e1s volumen de uva) un ataque de\u00a0<strong>peronospora\u00a0<\/strong>ya produjo p\u00e9rdidas estimadas del orden del 30%.<\/p>\n\n\n\n<h2 class=\"wp-block-heading\">M\u00e1s uva, \u00bfm\u00e1s vino?<\/h2>\n\n\n\n<p>La&nbsp;<strong>cosecha de uva 2024<\/strong>&nbsp;dej\u00f3 19,2 millones de quintales, un 31,9% m\u00e1s que 2023. Justamente, el a\u00f1o pasado marc\u00f3 la vendimia m\u00e1s pobre en d\u00e9cadas, con alrededor de 14 millones de quintales.<\/p>\n\n\n\n<p>Para&nbsp;<strong>Emiliano Palazzo,&nbsp;<\/strong>de la Federaci\u00f3n de C\u00e1maras Vitivin\u00edcolas, actualmente &#8220;superamos las heladas tard\u00edas y&nbsp;<strong>todo indica que puede haber m\u00e1s uva<\/strong>, y con eso m\u00e1s subproductos. Agua hay para un riego y manejo normal de los cultivos&#8221;.<\/p>\n\n\n\n<p>En la&nbsp;<strong>Zona Este<\/strong>, el mayor polo productivo de Mendoza y el pa\u00eds en volumen, se habla de una&nbsp;<strong>cosecha superior<\/strong>&nbsp;hasta ahora.<\/p>\n\n\n\n<p>En la industria evitan dar n\u00fameros pero coinciden con ese panorama. Al punto de demostrar alguna preocupaci\u00f3n incipiente por lo que puede significar a la hora de la elaboraci\u00f3n, con&nbsp;<strong>un consumo que no repunta<\/strong>.<\/p>\n\n\n\n<p>&#8220;Si esto se confirma,&nbsp;<strong>no s\u00e9 que vamos a ser con tanto vino<\/strong>&#8220;, solt\u00f3 un bodeguero, como dando una se\u00f1al anticipada a la negociaci\u00f3n que se viene por los precios de la materia prima.<\/p>\n\n\n\n<p>Ante ese panorama, C\u00f3rdoba se apur\u00f3 a se\u00f1alar que el sector &#8220;espera que&nbsp;<strong>paguen lo que hay que pagar por la uva<\/strong>&#8220;.<\/p>\n\n\n\n<h2 class=\"wp-block-heading\">Efecto Lobesia y costos<\/h2>\n\n\n\n<p>En las fincas advierten que a la lista de factores que determinar\u00e1n cu\u00e1nta uva llegar\u00e1 a los lagares de las bodegas hay uno no menor: la temida polilla de la vid o&nbsp;<strong>Lobesia Botrana<\/strong>.<\/p>\n\n\n\n<p>&#8220;Es un<strong>&nbsp;componente oculto hasta que el cami\u00f3n llega a la b\u00e1scula<\/strong>, porque pueden verse racimos en los tachos y terminar pesando poco&#8221;, describi\u00f3 Palazzo, antes de se\u00f1alar &#8220;cierta relajaci\u00f3n&#8221; en el programa que combate la plaga.<\/p>\n\n\n\n<p>Mientras tanto, empieza a crecer lentamente la expectativa por el pr\u00f3ximo pron\u00f3stico del INV, que suele tomar fincas testigo para&nbsp;<strong>cuantificar la uva<\/strong>&nbsp;por cosechar.<\/p>\n\n\n\n<p>En tal sentido, el referente de la&nbsp;<strong>Federaci\u00f3n de C\u00e1maras Vitivin\u00edcolas<\/strong>&nbsp;abog\u00f3 por &#8220;un censo de vi\u00f1edos&#8221;. &#8220;Poco sirve una selecci\u00f3n de fincas testigo, dado que hay mucho abandono y la entrada y salida de productores que van a otro tipo de producci\u00f3n -como la ganadera- marca una din\u00e1mica propia&#8221;, argument\u00f3.<\/p>\n\n\n\n<p>En el \u00edtem costos, la tarifa de riego agr\u00edcola e insumos claves para el vi\u00f1edo (combustible y agroqu\u00edmicos sobre todo) movieron mucho la aguja para el bolsillo. Al punto que&nbsp;<strong>no son pocos los que quedaron afuera del sistema<\/strong>.<\/p>\n\n\n\n<p>En l\u00ednea con ese pensamiento, C\u00f3rdoba record\u00f3 que &#8220;han excedido las posibilidades de muchos. Por algo es que&nbsp;<strong>en los \u00faltimos ocho a\u00f1os perdimos 3 mil productores&#8221;.<\/strong><\/p>\n\n\n\n<p>Para el referente de los vi\u00f1ateros &#8220;hay que hacer una observaci\u00f3n: si bien somos menos, en hect\u00e1reas no vari\u00f3 tanto. Eso puede indicar que\u00a0<strong>vamos hacia grandes implantaciones<\/strong>, con lo cual estar\u00edamos yendo al modelo chileno. O sea, pocos con grandes superficies&#8221;.<\/p>\n\n\n\n<p><strong>Fuente: www.diariouno.com.ar<\/strong><\/p>\n","protected":false},"excerpt":{"rendered":"<p>Con racimos que de a poco empiezan a tomar forma, los\u00a0productores\u00a0ya vislumbran lo que puede traer la\u00a0cosecha\u00a02025. De hecho, m\u00e1s all\u00e1 de la incidencia del granizo, el calor y disponibilidad de agua, algunos empezaron a hacer estimaciones y arriesgan que puede ser una vendimia &#8220;normal&#8221; y hasta superior en cuanto a volumen de\u00a0uva. A la [&hellip;]<\/p>\n","protected":false},"author":2,"featured_media":10501,"comment_status":"open","ping_status":"open","sticky":false,"template":"","format":"standard","meta":[],"categories":[74],"tags":[],"_links":{"self":[{"href":"https:\/\/pasaenmendoza.com\/index.php?rest_route=\/wp\/v2\/posts\/10500"}],"collection":[{"href":"https:\/\/pasaenmendoza.com\/index.php?rest_route=\/wp\/v2\/posts"}],"about":[{"href":"https:\/\/pasaenmendoza.com\/index.php?rest_route=\/wp\/v2\/types\/post"}],"author":[{"embeddable":true,"href":"https:\/\/pasaenmendoza.com\/index.php?rest_route=\/wp\/v2\/users\/2"}],"replies":[{"embeddable":true,"href":"https:\/\/pasaenmendoza.com\/index.php?rest_route=%2Fwp%2Fv2%2Fcomments&post=10500"}],"version-history":[{"count":1,"href":"https:\/\/pasaenmendoza.com\/index.php?rest_route=\/wp\/v2\/posts\/10500\/revisions"}],"predecessor-version":[{"id":10502,"href":"https:\/\/pasaenmendoza.com\/index.php?rest_route=\/wp\/v2\/posts\/10500\/revisions\/10502"}],"wp:featuredmedia":[{"embeddable":true,"href":"https:\/\/pasaenmendoza.com\/index.php?rest_route=\/wp\/v2\/media\/10501"}],"wp:attachment":[{"href":"https:\/\/pasaenmendoza.com\/index.php?rest_route=%2Fwp%2Fv2%2Fmedia&parent=10500"}],"wp:term":[{"taxonomy":"category","embeddable":true,"href":"https:\/\/pasaenmendoza.com\/index.php?rest_route=%2Fwp%2Fv2%2Fcategories&post=10500"},{"taxonomy":"post_tag","embeddable":true,"href":"https:\/\/pasaenmendoza.com\/index.php?rest_route=%2Fwp%2Fv2%2Ftags&post=10500"}],"curies":[{"name":"wp","href":"https:\/\/api.w.org\/{rel}","templated":true}]}}