{"id":10503,"date":"2024-12-09T20:56:09","date_gmt":"2024-12-09T19:56:09","guid":{"rendered":"https:\/\/pasaenmendoza.com\/?p=10503"},"modified":"2024-12-09T20:56:10","modified_gmt":"2024-12-09T19:56:10","slug":"cornejo-cierra-2024-con-una-nueva-era-minera-750-millones-de-dolares-y-remedios-indios","status":"publish","type":"post","link":"https:\/\/pasaenmendoza.com\/?p=10503","title":{"rendered":"Cornejo cierra 2024 con una nueva era minera, 750 millones de d\u00f3lares y remedios indios"},"content":{"rendered":"\n<p>A escasos de d\u00edas de cumplir el primer a\u00f1o de gesti\u00f3n -de su segundo mandato-<strong>\u00a0Alfredo Cornejo<\/strong>\u00a0enfrent\u00f3 a una catarata de periodistas exigiendo un repaso. Y si revis\u00e1ramos las respuestas que dio, hay una carta que eligi\u00f3 jugar primero:<strong>\u00a0&#8220;El 2024 fue un a\u00f1o recesivo desde lo econ\u00f3mico&#8221;<\/strong>, repiti\u00f3. H\u00e1bil en la argumentaci\u00f3n, apela a eso para justificar que, tal vez,\u00a0<strong>mucho de lo que proyect\u00f3 no se cumpli\u00f3 y que debi\u00f3 administrar pobreza.<\/strong><\/p>\n\n\n\n<p>Pero adem\u00e1s en los \u00faltimos d\u00edas se lo ha escuchado repetir una frase que refleja su percepci\u00f3n de los cambios de vientos pol\u00edticos que debe sortear: &#8220;Yo que ya hab\u00eda pasado por esto (de gobernar Mendoza),<strong>&nbsp;cre\u00ed que me sab\u00eda casi todas las respuestas y me cambiaron las preguntas<\/strong>&#8220;, dice en referencia al tremendo giro que le imprimi\u00f3 Javier Milei a la tradicional forma de hacer pol\u00edtica en Argentina.<\/p>\n\n\n\n<p>En la met\u00e1fora futbolera, sabe que juega en otro terreno y con jugadores poco predecibles. Por eso \u00e9l, que siempre le gust\u00f3 el puesto del mediocampista que distribuye la pelota, ahora tiene que conformarse con que de vez en cuando de Naci\u00f3n manden alguna pelota y le llegue al pie.<\/p>\n\n\n\n<p>Entre tanto \u00e9l y su equipo,\u00a0<strong>hacen m\u00e9ritos para que la Naci\u00f3n los vea y califique a Mendoza como un socio valorable.<\/strong>\u00a0Meses antes de que el gobierno de Milei anunciara que est\u00e1 decidido a\u00a0<strong>cobrarles los servicios de salud p\u00fablica a los extranjeros no residentes<\/strong>\u00a0en el pa\u00eds, Mendoza ya hab\u00eda sancionado esa ley\u00a0<strong>en agosto pasado. Cre\u00f3 el ente de Recuperaci\u00f3n de Fondos para el Fortalecimiento del Sistema de Salud (Reforsal)\u00a0<\/strong>y esta semana sali\u00f3 a mostrar que con esa decisi\u00f3n de\u00a0cobrarle la atenci\u00f3n m\u00e9dica a los extranjeros ya recaud\u00f3 $15 millones en los distintos hospitales.<\/p>\n\n\n\n<p>En temas institucionales los mendocinos tambi\u00e9n sacan pecho: mientras en el Congreso fracasa la discusi\u00f3n por la<strong>\u00a0ley de Ficha Limpia<\/strong>\u00a0que ni siquiera qued\u00f3 en el temario de las sesiones extraordinarias a las que convoc\u00f3 el gobierno libertario para este mes, los alfiles de Cornejo se encargan de resaltar que\u00a0<strong>en Mendoza ya rige desde el 2020<\/strong>\u00a0y que la provincia\u00a0<strong>tambi\u00e9n se anticip\u00f3 implementando la Boleta \u00danica de Papel que se us\u00f3 en las \u00faltimas elecciones.<\/strong><\/p>\n\n\n\n<h2 class=\"wp-block-heading\">Fondos para obras que envidiar\u00eda cualquier gobernador<\/h2>\n\n\n\n<p>A la hora de hacer c\u00e1lculos, hay que decir que&nbsp;<strong>Cornejo terminar\u00e1 el a\u00f1o con un plus<\/strong>&nbsp;que envidiar\u00eda cualquiera de sus pares gobernadores: tiene en la caja de Hacienda -m\u00e1s precisamente en un fideicomiso-&nbsp;<strong>749,5 millones de d\u00f3lares de los fondos del resarcimiento de la Promoci\u00f3n Industrial&nbsp;<\/strong>-que en alg\u00fan momento iban a ser para la megapresa de Portezuelo del Viento- y&nbsp;<strong>ya destin\u00f3 273,5 millones de d\u00f3lares a 18 obras de energ\u00eda, agua y cloacas que comenz\u00f3 a licitar.<\/strong><\/p>\n\n\n\n<p>La cifra no es para nada despreciable en un contexto marcado por un 2024 con paralizaci\u00f3n de la obra p\u00fablica nacional, y ante un 2025 en el que muy probablemente los gobernadores deban aceptar que no habr\u00e1 ley de presupuesto, ya que no est\u00e1 en el temario que Milei pretende discutir en las sesiones extraordinarias de Diputados que convoc\u00f3 del 5 al 27 de este mes. Sin presupuesto, se abre la posibilidad de que el Presidente asigne recursos discrecionalmente, y ah\u00ed comienza la negociaci\u00f3n que cada gobernador pueda hacer con Casa Rosada.<\/p>\n\n\n\n<p>Si bien es cierto que s\u00f3lo una parte de aquellos fondos se pondr\u00e1n en marcha en los pr\u00f3ximos d\u00edas, el engranaje s\u00ed comenzar\u00e1 a andar en el primer trimestre del 2025 y tendr\u00e1 un pu\u00f1ado de obras avanzadas distribuidas en los distintos departamentos para mostrar en un a\u00f1o electoral.<\/p>\n\n\n\n<figure class=\"wp-block-image\"><img decoding=\"async\" src=\"https:\/\/media.diariouno.com.ar\/p\/2e296fe256f02f6b4d18c0fad02cad92\/adjuntos\/298\/imagenes\/009\/457\/0009457210\/1200x0\/smart\/cuadrojpg.jpg\" alt=\"\" title=\"\"\/><\/figure>\n\n\n\n<p>De hecho, seg\u00fan la informaci\u00f3n que se actualiza d\u00eda a d\u00eda en la Subsecretar\u00eda de Infraestructura, que comanda Marit\u00e9 Badu\u00ed, de las 18 obras con asignaci\u00f3n de presupuesto, ya un 22% est\u00e1 en evaluaci\u00f3n de las propuestas de los oferentes que se presentaron a las licitaciones hasta el viernes pasado, y de otro 28% de esas obras se conocer\u00e1n las ofertas entre fin de diciembre y principios de enero del 2025.<\/p>\n\n\n\n<p>All\u00e1 por octubre, cuando anunciaba el reparto de las primeras tandas de aquel Fondo de Resarcimiento, Cornejo tambi\u00e9n develaba su mirada sobre el rol del Estado, que en materia de obra p\u00fablica difiere de la postura mile\u00edsta:&nbsp;<strong>\u201cEl mercado solo no va a hacer las obras en tiempos recesivos, entonces necesitamos hacerlas nosotros\u201d.<\/strong><\/p>\n\n\n\n<h2 class=\"wp-block-heading\">Le sac\u00f3 el cartel de &#8220;anti&#8221; y puso a Mendoza en el mapa minero mundial<\/h2>\n\n\n\n<p>De los reveses tambi\u00e9n se debe aprender y al parecer Cornejo tom\u00f3 nota de c\u00f3mo fracas\u00f3 la reforma de la ley antiminera en el 2019, y decidi\u00f3 sacar toda la artiller\u00eda -pol\u00edtica y t\u00e9cnica- que tuvo a mano para reactivar esa industria sin tocar esa custodiada norma.<\/p>\n\n\n\n<p>Y se las ingeni\u00f3 para\u00a0<strong>revertir conceptualmente un pesado mote que acompa\u00f1\u00f3 a la imagen de Mendoza durante los \u00faltimos 17 a\u00f1os. &#8220;Mendoza es antiminera&#8221;<\/strong>, se dec\u00eda en el mundillo minero internacional, y era algo que repet\u00edan tambi\u00e9n varios empresarios cuando explicaban por qu\u00e9 no miraban la provincia como un posible destino de inversi\u00f3n y se llevaban sus fondos a San Juan o a las provincias del Norte.<\/p>\n\n\n\n<p>\u00c9l, su vice Hebe Casado y la misma ministra de Energ\u00eda, Jimena Latorre, fueron a cuanta feria o encuentro minero se organiz\u00f3 y en todas ellas insistieron con la potencialidad minera de la provincia y con c\u00f3mo se avanz\u00f3 en el consenso social.<\/p>\n\n\n\n<p><strong>En 8 meses consigui\u00f3 que la Legislatura aprobara la reforma del C\u00f3digo Minero<\/strong>, a trav\u00e9s de la empresa estatal Impulsa sedujo y&nbsp;<strong>sum\u00f3 a un grupo de empresarios que dise\u00f1aron el Plan Pilares,<\/strong>&nbsp;una hoja de ruta de proyecciones mineras a 30 a\u00f1os y<strong>&nbsp;teji\u00f3 el consenso pol\u00edtico para aprobar la Declaraci\u00f3n de Impacto Ambiental de 34 proyectos de exploraci\u00f3n de cobre del Distrito Minero Malarg\u00fce Occidental<\/strong>, que ser\u00e1n el puntapi\u00e9 inicial de la reactivaci\u00f3n minera.<\/p>\n\n\n\n<p>En paralelo en mayo logr\u00f3&nbsp;<strong>sumarse a la Mesa del Cobre -que integran las 5 provincias productoras-<\/strong>, y en la reciente Cumbre de Miner\u00eda Sostenible que organiz\u00f3 a fines de noviembre&nbsp;<strong>se convirti\u00f3 en vicepresidente de esa mesa minera<\/strong>, que lidera su par de San Juan, Marcelo Orrego.<\/p>\n\n\n\n<p>A\u00fan faltan 20 d\u00edas para los brindis navide\u00f1os, pero es muy probable que cuando el gobernador y la ministra Jimena Latorre choquen sus copas, internamente est\u00e9n pensando en que terminan 2024 con 38 proyectos mineros en exploraci\u00f3n y que hay otros 29 m\u00e1s en estudio de impacto ambiental de la segunda etapa del distrito minero malarg\u00fcino.<\/p>\n\n\n\n<p>Es m\u00e1s: es probable que el mismo entusiasmo los haga pensar en la posibilidad de que ese mismo consenso social malarg\u00fcino se traslade a Uspallata y pudieran en 2025 avanzar con el proyecto de cobre de San Jorge.<\/p>\n\n\n\n<h2 class=\"wp-block-heading\">Invertir\u00e1 20.000 d\u00f3lares en la compra de remedios indios<\/h2>\n\n\n\n<p><strong>El costado desregulador de Cornejo<\/strong>\u00a0sali\u00f3 a la luz en septiembre cuando blanque\u00f3 que con el ministro de Salud, Rodolfo Montero y el de Desregulaci\u00f3n de la Naci\u00f3n, Federico Sturzenegger ideaban la manera de<strong>\u00a0importar medicamentos de la India, con lo que pretend\u00edan bajar notoriamente los precios de la medicaci\u00f3n que usar\u00e1n los hospitales p\u00fablicos.<\/strong><\/p>\n\n\n\n<p>Apenas un mes m\u00e1s tarde, la Naci\u00f3n sal\u00eda a aclarar que la&nbsp;<strong>ley 16.463 de Medicamentos ya les permit\u00eda a las provincias la importaci\u00f3n de remedios , sin necesidad de tener autorizaciones del gobierno de Milei.<\/strong>&nbsp;Es m\u00e1s:, Sturzenegger marcaba en sus publicaciones en redes que el costo de los medicamentos se hab\u00eda duplicado en la Argentina desde 2016 en adelante, y defin\u00eda a Cornejo como un h\u00e9roe reformista por haber tomado la iniciativa.<\/p>\n\n\n\n<p>Ahora, a poco de cerrar 2024 el gobernador adelant\u00f3 que\u00a0<strong>autoriz\u00f3 una compra de prueba de 20.000 d\u00f3lares en medicamentos indios<\/strong>, intertanto la Administraci\u00f3n Nacional de Medicamentos, Alimentos y Tecnolog\u00eda M\u00e9dica (ANMAT) los autoriza, algo que a\u00fan est\u00e1 en proceso.<\/p>\n\n\n\n<p>&#8221; A trav\u00e9s de la Organizaci\u00f3n Panamericana de la Salud (OPS) estamos comprando remedios indios que vamos a tener para enero o febrero. Y paralelamente estamos armando un canal de prueba concreto de comprar tambi\u00e9n remedios indios por un monto menor de 20 mil d\u00f3lares. Porque hasta que no nos aprueben como importadores, no queremos que despu\u00e9s la Aduana nos tenga retenido un contenedor con esos medicamentos&#8221;, cont\u00f3.<\/p>\n\n\n\n<p>En la nota, el gobernador reconoci\u00f3 que en principio pretende que esos 25 tipos de medicamentos sean usados en los hospitales p\u00fablicos, y que incluso puedan incidir en bajar los costos de la OSEP, pero adem\u00e1s proyect\u00f3 que deber\u00eda ser una pol\u00edtica nacional, que abra el juego tambi\u00e9n a que las cadenas de farmacias puedan comprar esos medicamentos.<\/p>\n\n\n\n<p><strong>Fuente: www.diariouno.com.ar<\/strong><\/p>\n","protected":false},"excerpt":{"rendered":"<p>A escasos de d\u00edas de cumplir el primer a\u00f1o de gesti\u00f3n -de su segundo mandato-\u00a0Alfredo Cornejo\u00a0enfrent\u00f3 a una catarata de periodistas exigiendo un repaso. Y si revis\u00e1ramos las respuestas que dio, hay una carta que eligi\u00f3 jugar primero:\u00a0&#8220;El 2024 fue un a\u00f1o recesivo desde lo econ\u00f3mico&#8221;, repiti\u00f3. H\u00e1bil en la argumentaci\u00f3n, apela a eso para [&hellip;]<\/p>\n","protected":false},"author":2,"featured_media":10504,"comment_status":"open","ping_status":"open","sticky":false,"template":"","format":"standard","meta":[],"categories":[47],"tags":[],"_links":{"self":[{"href":"https:\/\/pasaenmendoza.com\/index.php?rest_route=\/wp\/v2\/posts\/10503"}],"collection":[{"href":"https:\/\/pasaenmendoza.com\/index.php?rest_route=\/wp\/v2\/posts"}],"about":[{"href":"https:\/\/pasaenmendoza.com\/index.php?rest_route=\/wp\/v2\/types\/post"}],"author":[{"embeddable":true,"href":"https:\/\/pasaenmendoza.com\/index.php?rest_route=\/wp\/v2\/users\/2"}],"replies":[{"embeddable":true,"href":"https:\/\/pasaenmendoza.com\/index.php?rest_route=%2Fwp%2Fv2%2Fcomments&post=10503"}],"version-history":[{"count":1,"href":"https:\/\/pasaenmendoza.com\/index.php?rest_route=\/wp\/v2\/posts\/10503\/revisions"}],"predecessor-version":[{"id":10505,"href":"https:\/\/pasaenmendoza.com\/index.php?rest_route=\/wp\/v2\/posts\/10503\/revisions\/10505"}],"wp:featuredmedia":[{"embeddable":true,"href":"https:\/\/pasaenmendoza.com\/index.php?rest_route=\/wp\/v2\/media\/10504"}],"wp:attachment":[{"href":"https:\/\/pasaenmendoza.com\/index.php?rest_route=%2Fwp%2Fv2%2Fmedia&parent=10503"}],"wp:term":[{"taxonomy":"category","embeddable":true,"href":"https:\/\/pasaenmendoza.com\/index.php?rest_route=%2Fwp%2Fv2%2Fcategories&post=10503"},{"taxonomy":"post_tag","embeddable":true,"href":"https:\/\/pasaenmendoza.com\/index.php?rest_route=%2Fwp%2Fv2%2Ftags&post=10503"}],"curies":[{"name":"wp","href":"https:\/\/api.w.org\/{rel}","templated":true}]}}