{"id":10509,"date":"2024-12-10T13:30:09","date_gmt":"2024-12-10T12:30:09","guid":{"rendered":"https:\/\/pasaenmendoza.com\/?p=10509"},"modified":"2024-12-10T13:30:10","modified_gmt":"2024-12-10T12:30:10","slug":"el-tiempo-en-mendoza-un-martes-caluroso-e-inestable","status":"publish","type":"post","link":"https:\/\/pasaenmendoza.com\/?p=10509","title":{"rendered":"El tiempo en Mendoza: un martes caluroso e inestable"},"content":{"rendered":"\n<p><strong>La temperatura m\u00e1xima para este martes llegar\u00e1 a los 35 grados cent\u00edgrados, mientras que la m\u00ednima ser\u00e1 alta tambi\u00e9n: 19 grados.<\/strong><\/p>\n\n\n\n<p>El pron\u00f3stico de la&nbsp;<strong>Direcci\u00f3n de Contingencias Clim\u00e1ticas<\/strong>&nbsp;adelant\u00f3 que estar\u00e1 \u201c<em><strong>caluroso<\/strong>&nbsp;con nubosidad variable y vientos moderados del noreste<\/em>\u201c.<\/p>\n\n\n\n<p>Adem\u00e1s, estar\u00e1 \u201c<em><strong>inestable el sur provincial<\/strong>&nbsp;durante la tarde<\/em>\u201c.<\/p>\n\n\n\n<p>Para los que viajen a Chile, as\u00ed estar\u00e1 en la alta monta\u00f1a: \u201c<em>Poco nuboso en cordillera<\/em>\u201c.<\/p>\n\n\n\n<h2 class=\"wp-block-heading\" id=\"h-alerta-por-vientos\">Alerta por vientos<\/h2>\n\n\n\n<p>El&nbsp;<strong>Servicio Meteorol\u00f3gico Nacional<\/strong>&nbsp;lanz\u00f3 un<strong>&nbsp;alerta en nivel amarillo<\/strong>&nbsp;para varias zonas de Mendoza por&nbsp;<strong>vientos.<\/strong><\/p>\n\n\n\n<p>Los lugares afectados son\u00a0<strong>el este de Las Heras, La Paz, Lavalle, San Mart\u00edn y Santa Rosa<\/strong>\u00a0en horas de la tarde. Tambi\u00e9n rige para\u00a0<strong>General Alvear y la zona baja de San Rafael.<\/strong><\/p>\n\n\n\n<p><strong>Fuente: www.elsol.com.ar<\/strong><\/p>\n","protected":false},"excerpt":{"rendered":"<p>La temperatura m\u00e1xima para este martes llegar\u00e1 a los 35 grados cent\u00edgrados, mientras que la m\u00ednima ser\u00e1 alta tambi\u00e9n: 19 grados. El pron\u00f3stico de la&nbsp;Direcci\u00f3n de Contingencias Clim\u00e1ticas&nbsp;adelant\u00f3 que estar\u00e1 \u201ccaluroso&nbsp;con nubosidad variable y vientos moderados del noreste\u201c. Adem\u00e1s, estar\u00e1 \u201cinestable el sur provincial&nbsp;durante la tarde\u201c. Para los que viajen a Chile, as\u00ed estar\u00e1 en [&hellip;]<\/p>\n","protected":false},"author":2,"featured_media":10510,"comment_status":"open","ping_status":"open","sticky":false,"template":"","format":"standard","meta":[],"categories":[52],"tags":[],"_links":{"self":[{"href":"https:\/\/pasaenmendoza.com\/index.php?rest_route=\/wp\/v2\/posts\/10509"}],"collection":[{"href":"https:\/\/pasaenmendoza.com\/index.php?rest_route=\/wp\/v2\/posts"}],"about":[{"href":"https:\/\/pasaenmendoza.com\/index.php?rest_route=\/wp\/v2\/types\/post"}],"author":[{"embeddable":true,"href":"https:\/\/pasaenmendoza.com\/index.php?rest_route=\/wp\/v2\/users\/2"}],"replies":[{"embeddable":true,"href":"https:\/\/pasaenmendoza.com\/index.php?rest_route=%2Fwp%2Fv2%2Fcomments&post=10509"}],"version-history":[{"count":1,"href":"https:\/\/pasaenmendoza.com\/index.php?rest_route=\/wp\/v2\/posts\/10509\/revisions"}],"predecessor-version":[{"id":10511,"href":"https:\/\/pasaenmendoza.com\/index.php?rest_route=\/wp\/v2\/posts\/10509\/revisions\/10511"}],"wp:featuredmedia":[{"embeddable":true,"href":"https:\/\/pasaenmendoza.com\/index.php?rest_route=\/wp\/v2\/media\/10510"}],"wp:attachment":[{"href":"https:\/\/pasaenmendoza.com\/index.php?rest_route=%2Fwp%2Fv2%2Fmedia&parent=10509"}],"wp:term":[{"taxonomy":"category","embeddable":true,"href":"https:\/\/pasaenmendoza.com\/index.php?rest_route=%2Fwp%2Fv2%2Fcategories&post=10509"},{"taxonomy":"post_tag","embeddable":true,"href":"https:\/\/pasaenmendoza.com\/index.php?rest_route=%2Fwp%2Fv2%2Ftags&post=10509"}],"curies":[{"name":"wp","href":"https:\/\/api.w.org\/{rel}","templated":true}]}}