{"id":10512,"date":"2024-12-10T13:35:24","date_gmt":"2024-12-10T12:35:24","guid":{"rendered":"https:\/\/pasaenmendoza.com\/?p=10512"},"modified":"2024-12-10T13:35:25","modified_gmt":"2024-12-10T12:35:25","slug":"un-triple-choque-complico-el-transito-en-acceso-este","status":"publish","type":"post","link":"https:\/\/pasaenmendoza.com\/?p=10512","title":{"rendered":"Un triple choque complic\u00f3 el tr\u00e1nsito en Acceso Este"},"content":{"rendered":"\n<p>Un triple accidente complic\u00f3 el tr\u00e1nsito en la intersecci\u00f3n de Acceso Este y Arenales, en Guaymall\u00e9n, una de las arterias m\u00e1s congestionadas de Mendoza.<\/p>\n\n\n\n<p>El hecho involucr\u00f3 a un veh\u00edculo con matr\u00edcula chilena, un Renault Sandero y un Fiat Palio, lo que requiri\u00f3 la intervenci\u00f3n del personal de tr\u00e1nsito y de la Polic\u00eda Vial.<\/p>\n\n\n\n<p>Como consecuencia, la circulaci\u00f3n qued\u00f3 reducida a media calzada y se solicit\u00f3 a los conductores transitar con precauci\u00f3n por el \u00e1rea.<\/p>\n\n\n\n<p><strong>Fuente: www.elsol.com.ar<\/strong><\/p>\n","protected":false},"excerpt":{"rendered":"<p>Un triple accidente complic\u00f3 el tr\u00e1nsito en la intersecci\u00f3n de Acceso Este y Arenales, en Guaymall\u00e9n, una de las arterias m\u00e1s congestionadas de Mendoza. El hecho involucr\u00f3 a un veh\u00edculo con matr\u00edcula chilena, un Renault Sandero y un Fiat Palio, lo que requiri\u00f3 la intervenci\u00f3n del personal de tr\u00e1nsito y de la Polic\u00eda Vial. Como [&hellip;]<\/p>\n","protected":false},"author":2,"featured_media":10513,"comment_status":"open","ping_status":"open","sticky":false,"template":"","format":"standard","meta":[],"categories":[48],"tags":[],"_links":{"self":[{"href":"https:\/\/pasaenmendoza.com\/index.php?rest_route=\/wp\/v2\/posts\/10512"}],"collection":[{"href":"https:\/\/pasaenmendoza.com\/index.php?rest_route=\/wp\/v2\/posts"}],"about":[{"href":"https:\/\/pasaenmendoza.com\/index.php?rest_route=\/wp\/v2\/types\/post"}],"author":[{"embeddable":true,"href":"https:\/\/pasaenmendoza.com\/index.php?rest_route=\/wp\/v2\/users\/2"}],"replies":[{"embeddable":true,"href":"https:\/\/pasaenmendoza.com\/index.php?rest_route=%2Fwp%2Fv2%2Fcomments&post=10512"}],"version-history":[{"count":1,"href":"https:\/\/pasaenmendoza.com\/index.php?rest_route=\/wp\/v2\/posts\/10512\/revisions"}],"predecessor-version":[{"id":10514,"href":"https:\/\/pasaenmendoza.com\/index.php?rest_route=\/wp\/v2\/posts\/10512\/revisions\/10514"}],"wp:featuredmedia":[{"embeddable":true,"href":"https:\/\/pasaenmendoza.com\/index.php?rest_route=\/wp\/v2\/media\/10513"}],"wp:attachment":[{"href":"https:\/\/pasaenmendoza.com\/index.php?rest_route=%2Fwp%2Fv2%2Fmedia&parent=10512"}],"wp:term":[{"taxonomy":"category","embeddable":true,"href":"https:\/\/pasaenmendoza.com\/index.php?rest_route=%2Fwp%2Fv2%2Fcategories&post=10512"},{"taxonomy":"post_tag","embeddable":true,"href":"https:\/\/pasaenmendoza.com\/index.php?rest_route=%2Fwp%2Fv2%2Ftags&post=10512"}],"curies":[{"name":"wp","href":"https:\/\/api.w.org\/{rel}","templated":true}]}}